{"id":27062,"date":"2008-11-25T20:15:45","date_gmt":"2008-11-25T20:15:45","guid":{"rendered":"http:\/\/www.pcnen.com\/portal\/?p=27062"},"modified":"2008-11-25T20:15:45","modified_gmt":"2008-11-25T20:15:45","slug":"kabinet-reagovao-na-opstuzbe-mans-a","status":"publish","type":"post","link":"https:\/\/www.pcnen.com\/portal\/2008\/11\/25\/kabinet-reagovao-na-opstuzbe-mans-a\/","title":{"rendered":"Kabinet reagovao na op\u0161tu\u017ebe MANS-a"},"content":{"rendered":"<p>Reaguju\u0107i na optu\u017ebe Mre\u017ee za afirmaciju nevladinog sektora da predsjednik parlamenta Ranko Krivokapi\u0107 pretvara parlament u ervis izvr&scaron;ne vlasti, kabinet predsjednika Skup&scaron;tine je saop&scaron;tio da je Prijedlog zakona o spre\u010davanju sukoba interesa u vr&scaron;enju javnih funkcija stigao u skup&scaron;tinsku proceduru nakon &scaron;to je zakazana peta sjednica drugog redovnog zasijedanja Skup&scaron;tine Crne Gore za 25. novembar.<\/p>\n<p>&Scaron;to se ti\u010de Prijedlog zakona o izmjeni Zakona o za&scaron;titi neobjavljenih podataka i Prijedlog zakona o izmjenama i dopunama Zakona o upravljanju otpadom, koji su uvr&scaron;tena u dnevni red dana&scaron;nje sjednice, do toga je do&scaron;lo zato &scaron;to je Vlada tra\u017eila njihovu raspravu po skra\u0107enom postupku.<\/p>\n<p>Dogovorom predsjednika poslani\u010dkih klubova &scaron;esta sjednica Skup&scaron;tine bi\u0107e odr\u017eana do 10. decembra i Prijedlog zakona o spre\u010davanju sukoba interesa u vr&scaron;enju javnih funkcija \u0107e pro\u0107i radna tijela i biti u redovnoj proceduri, &scaron;to su poslanici u plenumi prihvatili, saop&scaron;teno je iz kabineta predsjednika parlamenta. <\/p>\n","protected":false},"excerpt":{"rendered":"<p>Reaguju\u0107i na optu\u017ebe Mre\u017ee za afirmaciju nevladinog sektora da predsjednik parlamenta Ranko Krivokapi\u0107 pretvara parlament u ervis izvr&scaron;ne vlasti, kabinet predsjednika Skup&scaron;tine je saop&scaron;tio da je Prijedlog zakona o spre\u010davanju sukoba interesa u vr&scaron;enju javnih funkcija stigao u skup&scaron;tinsku proceduru nakon &scaron;to je zakazana peta sjednica drugog redovnog zasijedanja Skup&scaron;tine Crne Gore za 25. novembar. [&hellip;]<\/p>\n","protected":false},"author":1,"featured_media":0,"comment_status":"open","ping_status":"closed","sticky":false,"template":"","format":"standard","meta":{"_seopress_robots_primary_cat":"","_seopress_titles_title":"","_seopress_titles_desc":"","_seopress_robots_index":"","_et_pb_use_builder":"","_et_pb_old_content":"","_et_gb_content_width":"","inline_featured_image":false,"footnotes":""},"categories":[14],"tags":[],"class_list":["post-27062","post","type-post","status-publish","format-standard","hentry","category-vijesti"],"_links":{"self":[{"href":"https:\/\/www.pcnen.com\/portal\/wp-json\/wp\/v2\/posts\/27062","targetHints":{"allow":["GET"]}}],"collection":[{"href":"https:\/\/www.pcnen.com\/portal\/wp-json\/wp\/v2\/posts"}],"about":[{"href":"https:\/\/www.pcnen.com\/portal\/wp-json\/wp\/v2\/types\/post"}],"author":[{"embeddable":true,"href":"https:\/\/www.pcnen.com\/portal\/wp-json\/wp\/v2\/users\/1"}],"replies":[{"embeddable":true,"href":"https:\/\/www.pcnen.com\/portal\/wp-json\/wp\/v2\/comments?post=27062"}],"version-history":[{"count":0,"href":"https:\/\/www.pcnen.com\/portal\/wp-json\/wp\/v2\/posts\/27062\/revisions"}],"wp:attachment":[{"href":"https:\/\/www.pcnen.com\/portal\/wp-json\/wp\/v2\/media?parent=27062"}],"wp:term":[{"taxonomy":"category","embeddable":true,"href":"https:\/\/www.pcnen.com\/portal\/wp-json\/wp\/v2\/categories?post=27062"},{"taxonomy":"post_tag","embeddable":true,"href":"https:\/\/www.pcnen.com\/portal\/wp-json\/wp\/v2\/tags?post=27062"}],"curies":[{"name":"wp","href":"https:\/\/api.w.org\/{rel}","templated":true}]}}