{"id":270609,"date":"2019-07-28T06:44:35","date_gmt":"2019-07-28T04:44:35","guid":{"rendered":"http:\/\/www.pcnen.com\/portal\/?p=270609"},"modified":"2019-07-28T06:44:35","modified_gmt":"2019-07-28T04:44:35","slug":"gmizanje-podzemlja-prema-moci","status":"publish","type":"post","link":"https:\/\/www.pcnen.com\/portal\/2019\/07\/28\/gmizanje-podzemlja-prema-moci\/","title":{"rendered":"Gmizanje podzemlja prema mo\u0107i"},"content":{"rendered":"<p><strong><img loading=\"lazy\" decoding=\"async\" class=\"size-large wp-image-270612 aligncenter\" src=\"http:\/\/www.pcnen.com\/portal\/wp-content\/uploads\/2019\/07\/desnicar-450x338.jpg\" alt=\"\" width=\"450\" height=\"338\" \/><br \/>\nPi\u0161e: Irena Peji\u0107<\/strong><\/p>\n<p>Desnica u Srbiji je u prethodnih godinu dana nastavila trend prilago\u0111avanja politi\u010dkim okolnostima na organizacionom i delatnom nivou. Taj proces je po\u010deo poodavno, pa su desni\u010dari sa ulica i tribina pre\u0161li u demokrati\u010dno ruho civilnog sektora nevladinih, studentskih organizacija i medijskih portala kojih danas ima na desetine, a sve vi\u0161e na mala vrata ulaze i u lokalne vlasti. Ipak, iako desni\u010darskih uli\u010dnih akcija u poslednjih nekoliko godina i nema toliko mnogo \u2013 mada se i to delimi\u010dno menja u poslednje vreme \u2013 ne mo\u017ee se re\u0107i da desnica malaksava. I dalje je u srpskom dru\u0161tvu aktivna i povremeno potentna, od intelektualaca do navija\u010dke scene, formalnih i grupisanih politi\u010dkih organizacija, pa do onih \u201chumanitarnih\u201d. Istovremeno, institucionalno desnica ja\u010da (ili je odavno jaka?) a tu i tamo se pojave i nagove\u0161taji jasnijeg okrupnjavanja krajnje desnog pokreta.<br \/>\n\u201cBezbednija\u201d Srbija?<\/p>\n<p>Istovremeno dok vladaju\u0107a stranka \u0161tancuje izmene i dopune zakona kojima \u0161iri policijska i parapolicijska ovla\u0161\u0107enja, radikalizuje Krivi\u010dni zakon i sve otvorenije militarizuje dru\u0161tvo, opozicija organizuje proteste koje predvode predstavnici ideje svetosavskog nacionalizma. Na snazi je proces sve sna\u017enijeg autoritarnog zaokreta uz stalno lamentovanje nad \u201cpretnjama bezbednosti\u201d za Srbiju, \u0161to uklju\u010duje i ponovno uvo\u0111enje vojnog roka i \u017emurenje na militarizaciju dece i omladine. Institucionalizacija grupa koje dopunjavaju organe prinude ide uporedo sa zakonskim izmenama, pa se pored pove\u0107anja ovla\u0161\u0107enja pripadnika policije i komunalne policije najavljuje i formiranje takozvanih \u201cgra\u0111anskih patrola\u201d i \u201cpolicije za \u017eivotinje\u201d.<\/p>\n<p>Dr\u017eava koristi (ekstremno) desni civilni sektor za \u0161irenje politika koje su u potpunoj suprotnosti sa javnim interesom. Tako su se zahtevi za ja\u010danje autoritarnosti mogli \u010duti i na konferenciji \u201cKa bezbednijoj Srbiji\u201d, koju je u oktobru pro\u0161le godine organizovala Nacionalna avangarda, u tom trenutku fantomska desni\u010darska nevladina organizacija za koju niko nije \u010duo. Nacionalna avangarda je uspela da okupi najvi\u0161e dr\u017eavne zvani\u010dnike\/ce, \u0161to mnoge druge nevladine organizacije ne mogu ni da zamisle \u2013 od ministra odbrane, premijerke i predstavnika Bezbedonosno-informativne agencije, do predsednika Republike Srbije \u2013 koji su kao najozbiljniju pretnju za bezbednost Srbije istaknuli izme\u0111u ostalog i \u201cpojedince iz opozicije, medija i nevladinih organizacija\u201d. Povezanost Nacionalne avangarde sa vla\u0161\u0107u njeni \u010dlanovi negiraju, no u medijima su se pojavile informacije da su neki od njih zaposleni u MUP-u, bili \u010dlanovi Kabineta gradona\u010delnika Beograda ili su putovali kao \u010dlanovi predsedni\u010dkog tima u diplomatske posete.<\/p>\n<p>Pomenutu inicijativu za formiranjem tzv. gra\u0111anskih patrola pokrenula je nevladina organizacija Centar za bezbednost, istrage i odbranu DBA, a kao inicijatori predloga javljaju se biv\u0161i krivi\u010dni osu\u0111enici i pojedinci poznati po svojim ekstremno desni\u010darskim stavovima.<\/p>\n<p><strong>Od fantomki do fondacije<\/strong><\/p>\n<p>Dok desni civilni sektor pa\u017enju javnosti privla\u010di tek ako na svojem doga\u0111aju okupi dr\u017eavni vrh, o organizaciji Levijatan sve se \u010de\u0161\u0107e \u010duje i pri\u010da. \u201cPokret\u201d je formiran je 2015. godine navodno kao odgovor na \u201csistemski problem i nesprovo\u0111enje Zakona o za\u0161titi \u017eivotinja\u201d, s po\u010detka se zala\u017eu\u0107i za potpunu primenu tog zakona i promovi\u0161u\u0107i parolu: \u201cNe diraj \u017eivotinje, na\u0107i \u0107emo te\u201d.1 No, vremenom je proklamovana prvobitna namera za\u0161tite \u017eivotinja prerasla u dosta opasne politi\u010dke aspiracije. One se, za sada, ogledaju u inicijativi za promenu pomenutog zakona kao i formiranja takozvane \u201cpolicije za \u017eivotinje\u201d koja bi postojala u okviru MUP-a kao posebno odeljenje. Stav javnosti je podeljen, jedni govore da je Levijatan trojanski konj vlasti zbog navodne povezanosti sa vladaju\u0107om strankom, drugi gaje simpatije jer neko kona\u010dno \u0161titi zlostavljane \u017eivotinje.<\/p>\n<p>Me\u0111utim, kako vreme prolazi, politi\u010dki rad Levijatana postaje vidljiviji i jasniji. Od ljubitelja i za\u0161titnika \u017eivotinja, ovi momci povezani sa kriminalnim i desni\u010darskim miljeom, koji veli\u010daju pripadnike zemunskog klana i SS trupe nacisti\u010dke Nema\u010dke, upadaju u romska naselja i podr\u017eavaju antialbanske proteste ispred pekare u Bor\u010di. Da po sredi nije samo ljubav prema \u017eivotinjama nego mo\u017eda i najkreativnije podvaljivanje desnice do sada dodatno pokazuje i \u010dinjenica da je predsednik Levijatana, Pavle Bihalji, militantni antikomunista. Ovaj unuk osniva\u010da izdava\u010dke ku\u0107e Nolit, pa\u017enju privla\u010di redovitim revizionisti\u010dkim izjavama o ubistvu svog dede, a usput \u010deka i re\u0161enje po milionskoj tu\u017ebi za autorska prava za kori\u0161\u0107enje imena Nolit.<\/p>\n<p>Pored onih koji su na politi\u010dkom radaru vidljiviji, mo\u017eda ba\u0161 zato \u0161to su sa vla\u0161\u0107u te\u0161nje povezani, pojave se tu i tamo grupe za koje jo\u0161 nije jasno ko su i \u010diji su. Me\u0111u njih, barem sude\u0107i po grafitima i video materijalu, spada i zemunska ekipa okupljena oko portala Istraga, koji se nastoji predstaviti kao medij koji se bavi istra\u017eiva\u010dkim novinarstvom.<\/p>\n<p><strong>Sa ulice na vlast<\/strong><\/p>\n<p>Pored desnog civilnog sektora sa ta\u0161nama i ma\u0161nama, i humanitaraca u fantomkama, na desnoj sceni u Srbiji postoje i ne\u0161to \u017eivopisniji, politi\u010dki ambiciozni likovi, koji polako ulaze u lokalne vlasti. Organizacija Srpska desnica je prvi osniva\u010dki kongres imala po\u010detkom pro\u0161le godine, u sve\u010danoj sali op\u0161tine Zemun, na \u010dijem je \u010delu trenutno kadar vladaju\u0107e stranke. Tu stranku predvodi Mi\u0161a Vaci\u0107, srpskoj javnosti poznat jo\u0161 iz vremena dok je bio predsednik ekstremne desni\u010darske organizacije Srpski narodni pokret 1389, koja se isticala na mitinzima protiv nezavisnosti Kosova, kao i mitinzima podr\u0161ke ha\u0161kim osu\u0111enicima Radovanu Karad\u017ei\u0107u i Ratku Mladi\u0107u, te organizovala niz nasilni\u010dkih akcija protiv LGBT populacije.<\/p>\n<p>Na tom osniva\u010dkom kongresu prisustvovali su \u010dlanovi ve\u0107 pomenute Nacionalne avangarde, zatim \u0161ef obezbe\u0111enja Ratka Mladi\u0107a, ratni komandant Sarajevskog \u010detni\u010dkog korpusa, ali i predstavnici vlasti. Kontakti Mi\u0161e Vaci\u0107a sa vlastima sve \u010de\u0161\u0107e dolaze u fokus javnosti, pa su tako na promociji filma \u201cMi\u0161a\u201d (film o liku i delu Mi\u0161e Vaci\u0107a koji se ovih dana mo\u017ee gledati i online) bili ministar za rad, zapo\u0161ljavanje, bora\u010dka i socijalna pitanja Zoran \u0110or\u0111evi\u0107, njegov savetnik, ali i drugi ljudi bliski vlastima. Vaci\u0107 je povezan i sa Levijatanom, \u010diji rad podr\u017eava, nudi im infrastrukturu u vidu lokalnih kancelarija i najavljuje mogu\u0107nost udru\u017eivanja. Infrastruktura koju ima sve je ve\u0107a \u2013 Srpskoj desnici vremenom pristupa sve vi\u0161e organizacija (sada ih ima preko 20), a na lokalu \u0161irom Srbije formiraju lokalne odbore, pa \u010dak ulaze i u vlast.<\/p>\n<p><strong>Koliko (anti)fa\u0161izma?<\/strong><\/p>\n<p>Dok i vlast i opozicija vole da se di\u010de sopstvenim antifa\u0161izmom, usput izjedna\u010davaju\u0107i \u010detnike i partizane te veli\u010daju\u0107i ideje ljoti\u0107evog fa\u0161isti\u010dkog pokreta Zbor, ujedno se decenijski sudski procesi protiv najpoznatijih ekstremnih desni\u010dara zavr\u0161avaju u njihovu korist. Goran Davidovi\u0107, u narodu poznatiiji kao Firer, vo\u0111a ustavno zabranjene fa\u0161isti\u010dke organizacije Nacionalni stroj u jednom takvom procesu nakon deset godina dobija osloba\u0111aju\u0107u presudu za izazivanje nacionalne, rasne i verske mr\u017enje. Ekstremna desnica je u Srbiji defakto, a i dejure dekriminalizovana (ako je ikada prakti\u010dno i bila kriminalizovana, jer su \u010dak i zakonom zabranjene organizacije nastavljale da postoje samo pod drugim imenom), pa se pored zvani\u010dne umerene desne politike upra\u017enjen prostor na desnici polako popunjava, privla\u010de\u0107i i mobilizuju\u0107i sve vi\u0161e ljudi.<\/p>\n<p>Popularnost desnice ne iznena\u0111uje imaju\u0107i u vidu globalne politi\u010dke trendove, posebno u Evropi gde desnica ja\u010da, slobodno mar\u0161ira i, sve \u010de\u0161\u0107e, preuzima vlast. Prema nekim podacima, oko 20% bira\u010dkog tela je naklonjeno krajnje desnim politikama. I koliko god da u ovom momentu ne mo\u017eemo o\u010dekivati da ekstremna desnica bude izglasana na slu\u017ebenu vlast, to ne zna\u010di da ne ja\u010da i time ne uti\u010de na op\u0161tu dru\u0161tvenu i politi\u010dku klimu koja postaje sve militarizovanija, autoritarnija i mizoginiija. Me\u0111utim, usled nedostatka adekvatne leve alternative, desni ekstremizam \u2013 upakovan u \u201cumereno i demokratsko\u201d, a zapravo strukturno nacionalisti\u010dko i krajnje desni\u010darsko polje iz kog svi zahtevi, pa i oni socijalni dolaze \u2013 uspeva da privu\u010de sve vi\u0161e nezadovoljnih i ugro\u017eenih.<\/p>\n<blockquote><p>1.U nastavku pi\u0161e: \u201cNekada si sejao Strah, a sada je Strah do\u0161ao po tebe\u201d \u2013 (Otac Isaija Zemlja \u017divih.) [\u21a9]<\/p><\/blockquote>\n<p><a href=\"https:\/\/www.bilten.org\/?p=28325\" target=\"_blank\" rel=\"noopener\">Bilten<\/a><\/p>\n","protected":false},"excerpt":{"rendered":"<p>Poslednjih tridesetak godina bilo je neka vrsta \u201czlatnog doba\u201d za ekstremno desni\u010darske i ultranacionalisti\u010dke snage u Srbiji. Svoje su \u201cuspehe\u201d obi\u010dno ostvarivali u uskoj suradnji s bezbednosnim strukturama. Utoliko ne \u010dudi da se i aktualna atmosfera \u201cstabilizacije\u201d pokazala pogodnom za bujanje ove scene<\/p>\n","protected":false},"author":1,"featured_media":0,"comment_status":"open","ping_status":"closed","sticky":false,"template":"","format":"standard","meta":{"_seopress_robots_primary_cat":"","_seopress_titles_title":"","_seopress_titles_desc":"","_seopress_robots_index":"","_et_pb_use_builder":"","_et_pb_old_content":"","_et_gb_content_width":"","inline_featured_image":false,"footnotes":""},"categories":[5],"tags":[],"class_list":["post-270609","post","type-post","status-publish","format-standard","hentry","category-drugi-pisu"],"_links":{"self":[{"href":"https:\/\/www.pcnen.com\/portal\/wp-json\/wp\/v2\/posts\/270609","targetHints":{"allow":["GET"]}}],"collection":[{"href":"https:\/\/www.pcnen.com\/portal\/wp-json\/wp\/v2\/posts"}],"about":[{"href":"https:\/\/www.pcnen.com\/portal\/wp-json\/wp\/v2\/types\/post"}],"author":[{"embeddable":true,"href":"https:\/\/www.pcnen.com\/portal\/wp-json\/wp\/v2\/users\/1"}],"replies":[{"embeddable":true,"href":"https:\/\/www.pcnen.com\/portal\/wp-json\/wp\/v2\/comments?post=270609"}],"version-history":[{"count":0,"href":"https:\/\/www.pcnen.com\/portal\/wp-json\/wp\/v2\/posts\/270609\/revisions"}],"wp:attachment":[{"href":"https:\/\/www.pcnen.com\/portal\/wp-json\/wp\/v2\/media?parent=270609"}],"wp:term":[{"taxonomy":"category","embeddable":true,"href":"https:\/\/www.pcnen.com\/portal\/wp-json\/wp\/v2\/categories?post=270609"},{"taxonomy":"post_tag","embeddable":true,"href":"https:\/\/www.pcnen.com\/portal\/wp-json\/wp\/v2\/tags?post=270609"}],"curies":[{"name":"wp","href":"https:\/\/api.w.org\/{rel}","templated":true}]}}