{"id":270598,"date":"2019-07-27T21:14:37","date_gmt":"2019-07-27T19:14:37","guid":{"rendered":"http:\/\/www.pcnen.com\/portal\/?p=270598"},"modified":"2019-07-27T21:14:37","modified_gmt":"2019-07-27T19:14:37","slug":"oblacno-tokom-noci-jaka-kisa","status":"publish","type":"post","link":"https:\/\/www.pcnen.com\/portal\/2019\/07\/27\/oblacno-tokom-noci-jaka-kisa\/","title":{"rendered":"Obla\u010dno, tokom no\u0107i jaka ki\u0161a"},"content":{"rendered":"<p><img loading=\"lazy\" decoding=\"async\" src=\"http:\/\/www.pcnen.com\/portal\/wp-content\/uploads\/2017\/03\/oblaci-tmurni.jpg\" alt=\"\" width=\"350\" height=\"263\" class=\"alignleft size-full wp-image-222575\" \/>U nedjelju \u0107e u Crnoj Gori biti umjereno do potpuno obla\u010dno i nestabilno. Prije podne ne\u0107e biti padavina, poslijepodne, a naro\u010dito tokom no\u0107i, pada\u0107e ki\u0161a, bi\u0107e jakih pljuskova i grmljavine.<\/p>\n<p>Lokalno je mogu\u0107a i pojava grada.<\/p>\n<p>Vi\u0161e padavina \u0107e biti u ju\u017enim i centralnim predjelima.<br \/>\nVjetar \u0107e biti umjeren i jak, ponegdje na udare i veoma jak, ju\u017eni i jugoisto\u010dni. <\/p>\n<p>Jutarnja temperatura vazduha kreta\u0107e se od 12 do 25, najvi\u0161a dnevna od 22 do 33 stepena.<\/p>\n<p>I u Podgorici \u0107e biti umjereno do potpuno obla\u010dno. Krajem dana i tokom no\u0107i bi\u0107e pljuskova sa grmljavinom. <\/p>\n<p>Vjetar \u0107e biti umjeren do jak ju\u017eni. <\/p>\n<p>Jutarnja temperatura vazduha bi\u0107e oko 23, najvi\u0161a dnevna do 33 stepena.<\/p>\n<p><a href=\"http:\/\/www.meteo.co.me\/misc.php?text=121&amp;sektor=1&amp;grad=BER\">Prognoza za ostale gradove.<\/a><\/p>\n","protected":false},"excerpt":{"rendered":"<p>U nedjelju \u0107e u Crnoj Gori biti umjereno do potpuno obla\u010dno i nestabilno. Prije podne ne\u0107e biti padavina, poslijepodne, a naro\u010dito tokom no\u0107i, pada\u0107e ki\u0161a, bi\u0107e jakih pljuskova i grmljavine. Lokalno je mogu\u0107a i pojava grada. Vi\u0161e padavina \u0107e biti u ju\u017enim i centralnim predjelima. Vjetar \u0107e biti umjeren i jak, ponegdje na udare i [&hellip;]<\/p>\n","protected":false},"author":1,"featured_media":0,"comment_status":"open","ping_status":"closed","sticky":false,"template":"","format":"standard","meta":{"_seopress_robots_primary_cat":"","_seopress_titles_title":"","_seopress_titles_desc":"","_seopress_robots_index":"","_et_pb_use_builder":"","_et_pb_old_content":"","_et_gb_content_width":"","inline_featured_image":false,"footnotes":""},"categories":[14,12],"tags":[],"class_list":["post-270598","post","type-post","status-publish","format-standard","hentry","category-vijesti","category-prica-dana"],"_links":{"self":[{"href":"https:\/\/www.pcnen.com\/portal\/wp-json\/wp\/v2\/posts\/270598","targetHints":{"allow":["GET"]}}],"collection":[{"href":"https:\/\/www.pcnen.com\/portal\/wp-json\/wp\/v2\/posts"}],"about":[{"href":"https:\/\/www.pcnen.com\/portal\/wp-json\/wp\/v2\/types\/post"}],"author":[{"embeddable":true,"href":"https:\/\/www.pcnen.com\/portal\/wp-json\/wp\/v2\/users\/1"}],"replies":[{"embeddable":true,"href":"https:\/\/www.pcnen.com\/portal\/wp-json\/wp\/v2\/comments?post=270598"}],"version-history":[{"count":0,"href":"https:\/\/www.pcnen.com\/portal\/wp-json\/wp\/v2\/posts\/270598\/revisions"}],"wp:attachment":[{"href":"https:\/\/www.pcnen.com\/portal\/wp-json\/wp\/v2\/media?parent=270598"}],"wp:term":[{"taxonomy":"category","embeddable":true,"href":"https:\/\/www.pcnen.com\/portal\/wp-json\/wp\/v2\/categories?post=270598"},{"taxonomy":"post_tag","embeddable":true,"href":"https:\/\/www.pcnen.com\/portal\/wp-json\/wp\/v2\/tags?post=270598"}],"curies":[{"name":"wp","href":"https:\/\/api.w.org\/{rel}","templated":true}]}}