{"id":270544,"date":"2019-07-27T00:17:07","date_gmt":"2019-07-26T22:17:07","guid":{"rendered":"http:\/\/www.pcnen.com\/portal\/?p=270544"},"modified":"2019-07-27T00:17:07","modified_gmt":"2019-07-26T22:17:07","slug":"gori-arktik","status":"publish","type":"post","link":"https:\/\/www.pcnen.com\/portal\/2019\/07\/27\/gori-arktik\/","title":{"rendered":"Gori Arktik!"},"content":{"rendered":"<p><img loading=\"lazy\" decoding=\"async\" class=\"size-large wp-image-270545 aligncenter\" src=\"http:\/\/www.pcnen.com\/portal\/wp-content\/uploads\/2019\/07\/Arktik-pozari-450x294.jpg\" alt=\"\" width=\"450\" height=\"294\" \/><br \/>\nVeliki broj \u0161umskih po\u017eara je zahvatio prakti\u010dno cio Arktik, a stihija vec\u0301 nedjeljama guta sve pred sobom, prenose inostrani mediji. Po\u017eari su toliko intenzivni da mogu da se vide i iz svemira.<\/p>\n<p>Satelitski snimci prikazuju najmanje 100 d\u017einovskih po\u017eara koji bjesne vec\u0301im dijelom Arktika, u djelovima Sibira, Grenlanda i Aljaske.<\/p>\n<p>Po\u017eari su dostigli mjere bez presedana\u201c, rekao je Mark Parington iz evropske agencije za upravljanje vanrednim situacijama \u2018Kopernikus\u2019.<\/p>\n<p>Prema njegovim rije\u010dima, vrtlog dima zahvatio je nevjerovatnih dva miliona kvadratnih kilometara, prenosi Sputnjik.<\/p>\n<p><iframe loading=\"lazy\" title=\"Nuna ikuallattoq fra AIR GRL 150719 Subclip\" width=\"1080\" height=\"608\" src=\"https:\/\/www.youtube.com\/embed\/G8ArzLPQAnk?feature=oembed\" frameborder=\"0\" allow=\"accelerometer; autoplay; clipboard-write; encrypted-media; gyroscope; picture-in-picture; web-share\" allowfullscreen><\/iframe><\/p>\n<p>U po\u017earima koje su najvjerovatnije izazvali udari groma, od 22. jula je izgorelo oko 829 kvadratnih kilometara u Irkustsku, 388 u Krasnojarsku i 106 u Burjatiji.<\/p>\n<p>\u201cPo\u017eari su tokom proteklih \u0161est nedjelja u atmosferu ispustili oko 50 megatona ugljen dioksida. To je ravno koli\u010dini koju godi\u0161nje proizvede cijela \u0160vedska\u201c, navodi se u izvje\u0161taju Evropske agencije za nadgledanje atmosferskih promjena.<\/p>\n<p>Ta koli\u010dina jednaka je onoj koja je u arkti\u010dkim po\u017earima emitovana tokom istog mjeseca, ali u periodu od 2010. do 2018. godine zajedno.<\/p>\n<p>\u201cNeobi\u010dno je vidjeti po\u017eare ovakvih razmjera i du\u017eine trajanja na tako velikim visinama u junu\u201c, rekao je Parington.<\/p>\n<p>\u201cMe\u0111utim, temperature u Arktiku se povec\u0301avaju mnogo vec\u0301om brzinom nego \u0161to je to globalni prosjek\u201c, dodao je on.<\/p>\n","protected":false},"excerpt":{"rendered":"<p>Satelitski snimci prikazuju najmanje 100 d\u017einovskih po\u017eara koji bjesne vec\u0301im dijelom Arktika, u djelovima Sibira, Grenlanda i Aljaske<\/p>\n","protected":false},"author":1,"featured_media":0,"comment_status":"open","ping_status":"closed","sticky":false,"template":"","format":"standard","meta":{"_seopress_robots_primary_cat":"","_seopress_titles_title":"","_seopress_titles_desc":"","_seopress_robots_index":"","_et_pb_use_builder":"","_et_pb_old_content":"","_et_gb_content_width":"","inline_featured_image":false,"footnotes":""},"categories":[14,12],"tags":[],"class_list":["post-270544","post","type-post","status-publish","format-standard","hentry","category-vijesti","category-prica-dana"],"_links":{"self":[{"href":"https:\/\/www.pcnen.com\/portal\/wp-json\/wp\/v2\/posts\/270544","targetHints":{"allow":["GET"]}}],"collection":[{"href":"https:\/\/www.pcnen.com\/portal\/wp-json\/wp\/v2\/posts"}],"about":[{"href":"https:\/\/www.pcnen.com\/portal\/wp-json\/wp\/v2\/types\/post"}],"author":[{"embeddable":true,"href":"https:\/\/www.pcnen.com\/portal\/wp-json\/wp\/v2\/users\/1"}],"replies":[{"embeddable":true,"href":"https:\/\/www.pcnen.com\/portal\/wp-json\/wp\/v2\/comments?post=270544"}],"version-history":[{"count":0,"href":"https:\/\/www.pcnen.com\/portal\/wp-json\/wp\/v2\/posts\/270544\/revisions"}],"wp:attachment":[{"href":"https:\/\/www.pcnen.com\/portal\/wp-json\/wp\/v2\/media?parent=270544"}],"wp:term":[{"taxonomy":"category","embeddable":true,"href":"https:\/\/www.pcnen.com\/portal\/wp-json\/wp\/v2\/categories?post=270544"},{"taxonomy":"post_tag","embeddable":true,"href":"https:\/\/www.pcnen.com\/portal\/wp-json\/wp\/v2\/tags?post=270544"}],"curies":[{"name":"wp","href":"https:\/\/api.w.org\/{rel}","templated":true}]}}