{"id":270541,"date":"2019-07-27T12:05:29","date_gmt":"2019-07-27T10:05:29","guid":{"rendered":"http:\/\/www.pcnen.com\/portal\/?p=270541"},"modified":"2019-07-27T16:16:05","modified_gmt":"2019-07-27T14:16:05","slug":"kod-palih-cempresa-za-spas-jadrana","status":"publish","type":"post","link":"https:\/\/www.pcnen.com\/portal\/2019\/07\/27\/kod-palih-cempresa-za-spas-jadrana\/","title":{"rendered":"Kod Palih \u010dempresa, za spas Jadrana"},"content":{"rendered":"<p>U znak protesta protiv daljeg istra\u017eivanja nafte i gasa u crnogorskom podmorju, <a href=\"https:\/\/www.facebook.com\/prve.crnogorske\/videos\/1236067253239247\/\">danas u podne je odr\u017ean protest<\/a> u Baru kod Palih \u010dempresa (ul. Mila Bo\u0161kovi\u0107a, kod Gimnazije\/Ekonomske \u0161kole).<\/p>\n<p><img loading=\"lazy\" decoding=\"async\" class=\"size-large wp-image-270542 aligncenter\" src=\"http:\/\/www.pcnen.com\/portal\/wp-content\/uploads\/2019\/07\/protest-jadran-450x228.jpg\" alt=\"\" width=\"450\" height=\"228\" \/><\/p>\n<p>\u201cOvih dana, naftne kompanije intenzivno nastavljaju dalje uni\u0161tavanje flore i faune na\u0161eg mora, s krajnjim ciljem postavljanja prve u nizu planiranih naftnih platformi. Sprega nadlje\u017enih dr\u017eavnih institucija i naftnih kompanija ima sve elemente krivi\u010dnog djela i potrebno je hitno i momentalno obustaviti sve dalje radove s tim u vezi i raskinuti Ugovore o koncesiji\u201d, poru\u010deno je uo\u010di protesta iz udru\u0107enja SOS za Montenegro.<\/p>\n<p>&#8220;Glavu damo, prirodu ne damo&#8221;, nova je poruka koja je promovisana danas od &#8216;Zeene gerile&#8217;.<\/p>\n<p>Civilni aktivista Mirsad Kurga\u0161 je na asfaltu sprejom &#8216;proglasio&#8217; ulicu &#8216;Ulicom palih \u010dempresa&#8217;.<\/p>\n<p>Na protestu koji je izveden u formi \u0161etnje od mjesta gdje su posje\u010deni \u010dempresi do marine no\u0161eni su transparenti &#8220;Glavu damo, prirodu ne damo\u201d, \u201cNa\u0161e rijeke su na\u0161 krvotok\u201d i \u201cSOS za Jadran\u201d. Kurga\u0161 je ispred marine\u00a0 sprejom napisao poruku: \u201cStop bu\u0161enju Jadrana\u201d.<\/p>\n","protected":false},"excerpt":{"rendered":"<p>U znak protesta protiv daljeg istra\u017eivanja nafte i gasa u crnogorskom podmorju, danas u podne je odr\u017ean protest u Baru kod Palih \u010dempresa (ul. Mila Bo\u0161kovi\u0107a, kod Gimnazije\/Ekonomske \u0161kole). \u201cOvih dana, naftne kompanije intenzivno nastavljaju dalje uni\u0161tavanje flore i faune na\u0161eg mora, s krajnjim ciljem postavljanja prve u nizu planiranih naftnih platformi. Sprega nadlje\u017enih dr\u017eavnih [&hellip;]<\/p>\n","protected":false},"author":1,"featured_media":0,"comment_status":"open","ping_status":"closed","sticky":false,"template":"","format":"standard","meta":{"_seopress_robots_primary_cat":"","_seopress_titles_title":"","_seopress_titles_desc":"","_seopress_robots_index":"","_et_pb_use_builder":"","_et_pb_old_content":"","_et_gb_content_width":"","inline_featured_image":false,"footnotes":""},"categories":[14,12],"tags":[],"class_list":["post-270541","post","type-post","status-publish","format-standard","hentry","category-vijesti","category-prica-dana"],"_links":{"self":[{"href":"https:\/\/www.pcnen.com\/portal\/wp-json\/wp\/v2\/posts\/270541","targetHints":{"allow":["GET"]}}],"collection":[{"href":"https:\/\/www.pcnen.com\/portal\/wp-json\/wp\/v2\/posts"}],"about":[{"href":"https:\/\/www.pcnen.com\/portal\/wp-json\/wp\/v2\/types\/post"}],"author":[{"embeddable":true,"href":"https:\/\/www.pcnen.com\/portal\/wp-json\/wp\/v2\/users\/1"}],"replies":[{"embeddable":true,"href":"https:\/\/www.pcnen.com\/portal\/wp-json\/wp\/v2\/comments?post=270541"}],"version-history":[{"count":0,"href":"https:\/\/www.pcnen.com\/portal\/wp-json\/wp\/v2\/posts\/270541\/revisions"}],"wp:attachment":[{"href":"https:\/\/www.pcnen.com\/portal\/wp-json\/wp\/v2\/media?parent=270541"}],"wp:term":[{"taxonomy":"category","embeddable":true,"href":"https:\/\/www.pcnen.com\/portal\/wp-json\/wp\/v2\/categories?post=270541"},{"taxonomy":"post_tag","embeddable":true,"href":"https:\/\/www.pcnen.com\/portal\/wp-json\/wp\/v2\/tags?post=270541"}],"curies":[{"name":"wp","href":"https:\/\/api.w.org\/{rel}","templated":true}]}}