{"id":270539,"date":"2019-07-26T23:25:47","date_gmt":"2019-07-26T21:25:47","guid":{"rendered":"http:\/\/www.pcnen.com\/portal\/?p=270539"},"modified":"2019-07-26T23:26:26","modified_gmt":"2019-07-26T21:26:26","slug":"ministarstvo-ekonomije-suti-o-inicijativi-wwf-adria","status":"publish","type":"post","link":"https:\/\/www.pcnen.com\/portal\/2019\/07\/26\/ministarstvo-ekonomije-suti-o-inicijativi-wwf-adria\/","title":{"rendered":"Ministarstvo ekonomije \u0161uti o inicijativi WWF Adria"},"content":{"rendered":"<p><img loading=\"lazy\" decoding=\"async\" class=\"size-large wp-image-270216 aligncenter\" src=\"http:\/\/www.pcnen.com\/portal\/wp-content\/uploads\/2019\/07\/Ekoloski-zbor-u-Bukovici-450x338.jpg\" alt=\"\" width=\"450\" height=\"338\" srcset=\"https:\/\/www.pcnen.com\/portal\/wp-content\/uploads\/2019\/07\/Ekoloski-zbor-u-Bukovici.jpg 450w, https:\/\/www.pcnen.com\/portal\/wp-content\/uploads\/2019\/07\/Ekoloski-zbor-u-Bukovici-300x225.jpg 300w, https:\/\/www.pcnen.com\/portal\/wp-content\/uploads\/2019\/07\/Ekoloski-zbor-u-Bukovici-235x177.jpg 235w, https:\/\/www.pcnen.com\/portal\/wp-content\/uploads\/2019\/07\/Ekoloski-zbor-u-Bukovici-75x56.jpg 75w, https:\/\/www.pcnen.com\/portal\/wp-content\/uploads\/2019\/07\/Ekoloski-zbor-u-Bukovici-350x263.jpg 350w, https:\/\/www.pcnen.com\/portal\/wp-content\/uploads\/2019\/07\/Ekoloski-zbor-u-Bukovici-220x165.jpg 220w\" sizes=\"(max-width: 450px) 100vw, 450px\" \/><br \/>\nIz crnogorskog Ministarstva ekonomije jo\u0161 nije stigao, ali odgovor jo\u0161 nije stigao odgovor na pitanje <a href=\"https:\/\/www.slobodnaevropa.org\/a\/mini-hidroelektrane-crna-gora\/30077264.html?fbclid=IwAR2c-JqJ83iAPV0Q23PqGjONe1wLu4oGKRAGzjU7jU01kF8Vtsu9cK6KihE\">Radija Slobodna Evropa<\/a> u vezi sa inicijativm WWF Adria \u00a0crnogorskoj Vladi da se obustave aktivnosti na izgradnju malih hidroelektrana i formira radnu grupu koja bi preispitala koncesionu politiku u toj oblasti.<\/p>\n<p>WWF Adria (World Wide Fund of Nature), jedna od najve\u0107ih i najuticajnijih svjetskih organizacija za za\u0161titu prirode, je ovu inicijativu uputila nakon \u0161to su doma\u0107e ekolo\u0161ke organizacije optu\u017eile Vladu Crne Gore da i poslije navodne zabrane gradnje mini hidroelektrana izdaje nove koncesije, \u0161to u Vladi demantuju.<\/p>\n","protected":false},"excerpt":{"rendered":"<p>Iz crnogorskog Ministarstva ekonomije jo\u0161 nije stigao, ali odgovor jo\u0161 nije stigao odgovor na pitanje Radija Slobodna Evropa u vezi sa inicijativm WWF Adria \u00a0crnogorskoj Vladi da se obustave aktivnosti na izgradnju malih hidroelektrana i formira radnu grupu koja bi preispitala koncesionu politiku u toj oblasti. WWF Adria (World Wide Fund of Nature), jedna od [&hellip;]<\/p>\n","protected":false},"author":1,"featured_media":0,"comment_status":"open","ping_status":"closed","sticky":false,"template":"","format":"standard","meta":{"_seopress_robots_primary_cat":"","_seopress_titles_title":"","_seopress_titles_desc":"","_seopress_robots_index":"","_et_pb_use_builder":"","_et_pb_old_content":"","_et_gb_content_width":"","inline_featured_image":false,"footnotes":""},"categories":[14,12],"tags":[],"class_list":["post-270539","post","type-post","status-publish","format-standard","hentry","category-vijesti","category-prica-dana"],"_links":{"self":[{"href":"https:\/\/www.pcnen.com\/portal\/wp-json\/wp\/v2\/posts\/270539","targetHints":{"allow":["GET"]}}],"collection":[{"href":"https:\/\/www.pcnen.com\/portal\/wp-json\/wp\/v2\/posts"}],"about":[{"href":"https:\/\/www.pcnen.com\/portal\/wp-json\/wp\/v2\/types\/post"}],"author":[{"embeddable":true,"href":"https:\/\/www.pcnen.com\/portal\/wp-json\/wp\/v2\/users\/1"}],"replies":[{"embeddable":true,"href":"https:\/\/www.pcnen.com\/portal\/wp-json\/wp\/v2\/comments?post=270539"}],"version-history":[{"count":0,"href":"https:\/\/www.pcnen.com\/portal\/wp-json\/wp\/v2\/posts\/270539\/revisions"}],"wp:attachment":[{"href":"https:\/\/www.pcnen.com\/portal\/wp-json\/wp\/v2\/media?parent=270539"}],"wp:term":[{"taxonomy":"category","embeddable":true,"href":"https:\/\/www.pcnen.com\/portal\/wp-json\/wp\/v2\/categories?post=270539"},{"taxonomy":"post_tag","embeddable":true,"href":"https:\/\/www.pcnen.com\/portal\/wp-json\/wp\/v2\/tags?post=270539"}],"curies":[{"name":"wp","href":"https:\/\/api.w.org\/{rel}","templated":true}]}}