{"id":270531,"date":"2019-07-26T20:25:13","date_gmt":"2019-07-26T18:25:13","guid":{"rendered":"http:\/\/www.pcnen.com\/portal\/?p=270531"},"modified":"2019-07-26T20:25:13","modified_gmt":"2019-07-26T18:25:13","slug":"kratkotrajna-kisa-lokalno","status":"publish","type":"post","link":"https:\/\/www.pcnen.com\/portal\/2019\/07\/26\/kratkotrajna-kisa-lokalno\/","title":{"rendered":"Kratkotrajna ki\u0161a lokalno"},"content":{"rendered":"<p><img loading=\"lazy\" decoding=\"async\" class=\"size-large wp-image-270532 aligncenter\" src=\"http:\/\/www.pcnen.com\/portal\/wp-content\/uploads\/2019\/07\/kisa-450x300.jpg\" alt=\"\" width=\"450\" height=\"300\" srcset=\"https:\/\/www.pcnen.com\/portal\/wp-content\/uploads\/2019\/07\/kisa-450x300.jpg 450w, https:\/\/www.pcnen.com\/portal\/wp-content\/uploads\/2019\/07\/kisa-580x386.jpg 580w, https:\/\/www.pcnen.com\/portal\/wp-content\/uploads\/2019\/07\/kisa-300x200.jpg 300w, https:\/\/www.pcnen.com\/portal\/wp-content\/uploads\/2019\/07\/kisa-480x320.jpg 480w, https:\/\/www.pcnen.com\/portal\/wp-content\/uploads\/2019\/07\/kisa-235x157.jpg 235w, https:\/\/www.pcnen.com\/portal\/wp-content\/uploads\/2019\/07\/kisa-75x50.jpg 75w, https:\/\/www.pcnen.com\/portal\/wp-content\/uploads\/2019\/07\/kisa-350x233.jpg 350w, https:\/\/www.pcnen.com\/portal\/wp-content\/uploads\/2019\/07\/kisa-220x147.jpg 220w, https:\/\/www.pcnen.com\/portal\/wp-content\/uploads\/2019\/07\/kisa.jpg 650w\" sizes=\"(max-width: 450px) 100vw, 450px\" \/><br \/>\nPrete\u017eno sun\u010dano i veoma toplo bi\u0107e u subotu u Crnoj Gori.<\/p>\n<p>Po kotlinama na sjeveru zemlje bi\u0107e magle ujutru.<\/p>\n<p>Poslije podne, uglavnom u sjevernim djelovima Crne Gore, lokalno se o\u010dekuje kratkotrajna ki\u0161a ili pljusak i grmljavina.<\/p>\n<p>Slab do umjeren vjetar mijenjanje smjer.<\/p>\n<p>Jutarnja temperatura vazduha bi\u0107e u rasponu od 12 do 23, a najvi\u0161a dnevna od 25 do 37 stepeni.<\/p>\n<p>U Podgorici \u0107e biti prete\u017eno sun\u010dano i veoma toplo, uz slab do umjeren razvoj obla\u010dnosti. Promjenljiv vjetar bi\u0107e slab do umjeren. Jutarnja temperatura vazduha bi\u0107e oko 23, a najvi\u0161a dnevna do 37 stepeni.<\/p>\n<p><a href=\"http:\/\/www.meteo.co.me\/misc.php?text=121&amp;sektor=1&amp;grad=BER\">Prognoza za ostale gradove.<\/a><\/p>\n","protected":false},"excerpt":{"rendered":"<p>Slab do umjeren vjetar mijenjanje smjer<\/p>\n","protected":false},"author":1,"featured_media":270532,"comment_status":"open","ping_status":"closed","sticky":false,"template":"","format":"standard","meta":{"_seopress_robots_primary_cat":"","_seopress_titles_title":"","_seopress_titles_desc":"","_seopress_robots_index":"","_et_pb_use_builder":"","_et_pb_old_content":"","_et_gb_content_width":"","inline_featured_image":false,"footnotes":""},"categories":[14,12],"tags":[],"class_list":["post-270531","post","type-post","status-publish","format-standard","has-post-thumbnail","hentry","category-vijesti","category-prica-dana"],"_links":{"self":[{"href":"https:\/\/www.pcnen.com\/portal\/wp-json\/wp\/v2\/posts\/270531","targetHints":{"allow":["GET"]}}],"collection":[{"href":"https:\/\/www.pcnen.com\/portal\/wp-json\/wp\/v2\/posts"}],"about":[{"href":"https:\/\/www.pcnen.com\/portal\/wp-json\/wp\/v2\/types\/post"}],"author":[{"embeddable":true,"href":"https:\/\/www.pcnen.com\/portal\/wp-json\/wp\/v2\/users\/1"}],"replies":[{"embeddable":true,"href":"https:\/\/www.pcnen.com\/portal\/wp-json\/wp\/v2\/comments?post=270531"}],"version-history":[{"count":0,"href":"https:\/\/www.pcnen.com\/portal\/wp-json\/wp\/v2\/posts\/270531\/revisions"}],"wp:featuredmedia":[{"embeddable":true,"href":"https:\/\/www.pcnen.com\/portal\/wp-json\/wp\/v2\/media\/270532"}],"wp:attachment":[{"href":"https:\/\/www.pcnen.com\/portal\/wp-json\/wp\/v2\/media?parent=270531"}],"wp:term":[{"taxonomy":"category","embeddable":true,"href":"https:\/\/www.pcnen.com\/portal\/wp-json\/wp\/v2\/categories?post=270531"},{"taxonomy":"post_tag","embeddable":true,"href":"https:\/\/www.pcnen.com\/portal\/wp-json\/wp\/v2\/tags?post=270531"}],"curies":[{"name":"wp","href":"https:\/\/api.w.org\/{rel}","templated":true}]}}