{"id":270525,"date":"2019-07-26T19:50:15","date_gmt":"2019-07-26T17:50:15","guid":{"rendered":"http:\/\/www.pcnen.com\/portal\/?p=270525"},"modified":"2019-07-26T19:51:18","modified_gmt":"2019-07-26T17:51:18","slug":"novi-protest-za-zastitu-tare-4-avgusta","status":"publish","type":"post","link":"https:\/\/www.pcnen.com\/portal\/2019\/07\/26\/novi-protest-za-zastitu-tare-4-avgusta\/","title":{"rendered":"Novi protest za za\u0161titu Tare 4. avgusta"},"content":{"rendered":"<p>Video snimci i fotografije zamu\u0107ene Tare preplavili su dru\u0161tvene mre\u017ee i medije, \u0161to je rezultiralo lavinom kriti\u010dkih komentara zainteresovane javnosti, kao i protestom pro\u0161log vikenda. Novi protest zbog ugro\u017eavanja rijeke koju od milja zovemo \u2018Suza Evrope\u2019 radovima na dionici (Smokovac-Mate\u0161evo) autoputa Bar \u2013 Boljare, prema saznanjima portala PCNEN, bi\u0107e organizovan 4. avgusta.<\/p>\n<p><img loading=\"lazy\" decoding=\"async\" class=\"size-large wp-image-270526 aligncenter\" src=\"http:\/\/www.pcnen.com\/portal\/wp-content\/uploads\/2019\/07\/Tara2-450x338.jpg\" alt=\"\" width=\"450\" height=\"338\" srcset=\"https:\/\/www.pcnen.com\/portal\/wp-content\/uploads\/2019\/07\/Tara2-450x338.jpg 450w, https:\/\/www.pcnen.com\/portal\/wp-content\/uploads\/2019\/07\/Tara2-580x435.jpg 580w, https:\/\/www.pcnen.com\/portal\/wp-content\/uploads\/2019\/07\/Tara2.jpg 900w, https:\/\/www.pcnen.com\/portal\/wp-content\/uploads\/2019\/07\/Tara2-300x225.jpg 300w, https:\/\/www.pcnen.com\/portal\/wp-content\/uploads\/2019\/07\/Tara2-768x576.jpg 768w, https:\/\/www.pcnen.com\/portal\/wp-content\/uploads\/2019\/07\/Tara2-480x360.jpg 480w, https:\/\/www.pcnen.com\/portal\/wp-content\/uploads\/2019\/07\/Tara2-235x176.jpg 235w, https:\/\/www.pcnen.com\/portal\/wp-content\/uploads\/2019\/07\/Tara2-75x56.jpg 75w, https:\/\/www.pcnen.com\/portal\/wp-content\/uploads\/2019\/07\/Tara2-350x263.jpg 350w, https:\/\/www.pcnen.com\/portal\/wp-content\/uploads\/2019\/07\/Tara2-220x165.jpg 220w\" sizes=\"(max-width: 450px) 100vw, 450px\" \/><\/p>\n<p>Prolaze\u0107i danas ovim dijelom ekolo\u0161ke dr\u017eave Crne Gore, reporter portala PCNEN je zapazio intenzivan saobra\u0107aj gra\u0111evinskih ma\u0161ina na putu od Mate\u0161eva prema Jabuci, koji je u vaoma lo\u0161em stanju. Osim rupa, putnike namjernike srije\u0107e velika koli\u010dina pra\u0161ine koju podi\u017eu gra\u0111evinske ma\u0161ine i druga vozila u prolazu.<\/p>\n<p>https:\/\/youtube.com\/watch?v=re63Q21m2mA<\/p>\n<p>Tara je na ovom potezu izmje\u0161tena u vje\u0161ta\u010dki napravljeno korito, a u onom njenom prirodnom sada su se smjestili \u0161ljunak, gra\u0111evinski materijal i \u0161ut.<\/p>\n<p><img loading=\"lazy\" decoding=\"async\" class=\"size-large wp-image-270527\" src=\"http:\/\/www.pcnen.com\/portal\/wp-content\/uploads\/2019\/07\/Tara-450x338.jpg\" alt=\"\" width=\"450\" height=\"338\" srcset=\"https:\/\/www.pcnen.com\/portal\/wp-content\/uploads\/2019\/07\/Tara-450x338.jpg 450w, https:\/\/www.pcnen.com\/portal\/wp-content\/uploads\/2019\/07\/Tara-300x225.jpg 300w, https:\/\/www.pcnen.com\/portal\/wp-content\/uploads\/2019\/07\/Tara-768x576.jpg 768w, https:\/\/www.pcnen.com\/portal\/wp-content\/uploads\/2019\/07\/Tara-480x360.jpg 480w, https:\/\/www.pcnen.com\/portal\/wp-content\/uploads\/2019\/07\/Tara-235x176.jpg 235w, https:\/\/www.pcnen.com\/portal\/wp-content\/uploads\/2019\/07\/Tara-75x56.jpg 75w, https:\/\/www.pcnen.com\/portal\/wp-content\/uploads\/2019\/07\/Tara-350x263.jpg 350w, https:\/\/www.pcnen.com\/portal\/wp-content\/uploads\/2019\/07\/Tara-220x165.jpg 220w, https:\/\/www.pcnen.com\/portal\/wp-content\/uploads\/2019\/07\/Tara.jpg 900w\" sizes=\"(max-width: 450px) 100vw, 450px\" \/><\/p>\n<p>Kvalitet vode je, na prvi pogled, bolji od onog \u0161to se moglo vidjeti prije nekoliko dana, ali je pitanje koliko \u0107e to potrajati, imaju\u0107i u vidu da se nastavljaju radovi u samom rje\u010dnom koritu.<\/p>\n<p><img loading=\"lazy\" decoding=\"async\" class=\"size-large wp-image-270528 aligncenter\" src=\"http:\/\/www.pcnen.com\/portal\/wp-content\/uploads\/2019\/07\/Tara3-338x450.jpg\" alt=\"\" width=\"338\" height=\"450\" \/><\/p>\n<p>Radovi su pro\u0161ireni i u pravcu Andrijevice, gdje je postavljen novi radni\u010dki kamp i gdje se radi du\u017e korita rijeke Drcke, jedne od ja\u010dih pritoka Tare. Radovi na Drckoj bez sumnje uti\u010du na kvalitet vode u rijeci Tari nizvodno od Mate\u0161eva.<\/p>\n<p><strong>V.Vujisi\u0107<\/strong><\/p>\n","protected":false},"excerpt":{"rendered":"<p>Tara je izmje\u0161tena u vje\u0161ta\u010dki napravljeno korito, a u onom njenom prirodnom sada su se smjestili \u0161ljunak, gra\u0111evinski materijal i \u0161ut<\/p>\n","protected":false},"author":1,"featured_media":270526,"comment_status":"open","ping_status":"closed","sticky":false,"template":"","format":"standard","meta":{"_seopress_robots_primary_cat":"","_seopress_titles_title":"","_seopress_titles_desc":"","_seopress_robots_index":"","_et_pb_use_builder":"","_et_pb_old_content":"","_et_gb_content_width":"","inline_featured_image":false,"footnotes":""},"categories":[14,12],"tags":[],"class_list":["post-270525","post","type-post","status-publish","format-standard","has-post-thumbnail","hentry","category-vijesti","category-prica-dana"],"_links":{"self":[{"href":"https:\/\/www.pcnen.com\/portal\/wp-json\/wp\/v2\/posts\/270525","targetHints":{"allow":["GET"]}}],"collection":[{"href":"https:\/\/www.pcnen.com\/portal\/wp-json\/wp\/v2\/posts"}],"about":[{"href":"https:\/\/www.pcnen.com\/portal\/wp-json\/wp\/v2\/types\/post"}],"author":[{"embeddable":true,"href":"https:\/\/www.pcnen.com\/portal\/wp-json\/wp\/v2\/users\/1"}],"replies":[{"embeddable":true,"href":"https:\/\/www.pcnen.com\/portal\/wp-json\/wp\/v2\/comments?post=270525"}],"version-history":[{"count":0,"href":"https:\/\/www.pcnen.com\/portal\/wp-json\/wp\/v2\/posts\/270525\/revisions"}],"wp:featuredmedia":[{"embeddable":true,"href":"https:\/\/www.pcnen.com\/portal\/wp-json\/wp\/v2\/media\/270526"}],"wp:attachment":[{"href":"https:\/\/www.pcnen.com\/portal\/wp-json\/wp\/v2\/media?parent=270525"}],"wp:term":[{"taxonomy":"category","embeddable":true,"href":"https:\/\/www.pcnen.com\/portal\/wp-json\/wp\/v2\/categories?post=270525"},{"taxonomy":"post_tag","embeddable":true,"href":"https:\/\/www.pcnen.com\/portal\/wp-json\/wp\/v2\/tags?post=270525"}],"curies":[{"name":"wp","href":"https:\/\/api.w.org\/{rel}","templated":true}]}}