{"id":270510,"date":"2019-07-26T11:06:32","date_gmt":"2019-07-26T09:06:32","guid":{"rendered":"http:\/\/www.pcnen.com\/portal\/?p=270510"},"modified":"2019-07-26T15:49:16","modified_gmt":"2019-07-26T13:49:16","slug":"filip-vujanovic-crkve-ce-biti-drzavne","status":"publish","type":"post","link":"https:\/\/www.pcnen.com\/portal\/2019\/07\/26\/filip-vujanovic-crkve-ce-biti-drzavne\/","title":{"rendered":"Filip Vujanovi\u0107: Crkve \u0107e biti dr\u017eavne"},"content":{"rendered":"<p><img loading=\"lazy\" decoding=\"async\" src=\"http:\/\/www.pcnen.com\/portal\/wp-content\/uploads\/2011\/08\/filip1.jpg\" alt=\"\" width=\"286\" height=\"299\" class=\"alignleft size-full wp-image-59387\" \/>Biv\u0161i predsjednik Crne Gore Filip Vujanovi\u0107 je rekao da je najbolje da srpske stranke u\u0111u u vladu kao i da \u0107e manastiri i crkve u Crnoj Gori nakon usvajanja Zakona o slobodi vjeroispovesti biti u vlasni\u0161tvu dr\u017eave.<\/p>\n<p>On je, kako prenosi Antena M, rekao da ne zna da li je gro imovine prepisan u vlasni\u0161tvo Srpske pravoslavne crkve (SPC) u vrijeme kad je on bio na \u010delu Vlade.<\/p>\n<p>\u201eIskreno da ka\u017eem, ja to ne znam. Ja mislim da svi ti upisi koji su vr\u0161eni na temelju nevaljane dokumentacije pravno nemaju nikakvog zna\u010daja. To \u0161to je upisano u katastre, ako nije uz valjan dokaz, nema nikakve vrijednosti. Ja ne znam uop\u0161te kako su se upisivali, nisam se bavio time\u201c, rekao je on.<\/p>\n<p>Vujanovi\u0107 je bio premijer od 1998. do 2002. godine. Na funkciji predsjednika je bio 15 godina od 2003. godine do 2018. godine.<\/p>\n<p>Na pitanje da li je njegova Vlada na bilo koji na\u010din ohrabrila upisivanje, Vujanovi\u0107 ponavlja da se vlada time uop\u0161te nije bavila te da je saznao iz medija da su ra\u0111ene neke preknji\u017ebe, ali ne zna na osnovu \u010dega.<\/p>\n<p>\u201eU tom vremenu katastar nije bio dokaz svojine, vi ste imali katastarski list kao jedan od evidencijskih listova nekretnine, to nije imalo nikakav poseban zna\u010daj. Kasnije \u0107e tek katastar dobiti na svom zna\u010daju. Ja mislim da to sad nema nikakvog zna\u010daja. Kako je to katastarski evidentirano, nema nikakve vrijednosti\u201c, rekao je on.<\/p>\n<p>Biv\u0161i predsjednik Crne Gore smatra da je va\u017eno \u0161to postoji mi\u0161ljenje Venecijanske komisije povodom Zakona o slobodi vjeroispovesti i da je premijer Du\u0161ko Markovi\u0107 mudro postupio kad je pozvao Mitropoliju da se uklju\u010di u doradu toga zakona.<\/p>\n<p>\u201eNesumnjivo je da \u0107e sada svi manastiri i crkve biti dr\u017eavno vlasni\u0161tvo i to nije izmislila Crna Gora. Tu se Venecijanska komisija naslonila na iskustva nekih zemalja, kao \u0161to je recimo Francuska. Ni\u0161ta se tu ne mijenja. Nastavlja pravoslavna mitropolija i njeno sve\u0161tenstvo i mitropolit to da koriste i ne\u0107e niko uzeti manastir i crkve, niti \u0107e koga useljavati. To \u0107e biti dr\u017eavna svojina, jer je ogroman dio tih manastira spomenik kulture\u2026 Ne vidim da je uop\u0161te bilo potrebe da se stvara ovakva tenzija povodom toga\u201c, rekao je on.<\/p>\n<p>Predlog zakona o slobodi veroispovesti na\u0107i \u0107e se na dnevnom redu parlamenta nakon ljetnje pauze kako bi se sa Srpskom pravoslavnom crkvom na\u0161lo kompromisno rje\u0161enje nakon \u0161to je preporuke na tekst zakona dala Venecijanska komisija.<\/p>\n<p>Mi\u0161ljenje Venecijanske komisije o predlogu zakona o slobodi vjeroispovesti, kojim se podr\u017eava namjera vlade u Podgorici da na moderan na\u010din uredi tu oblast, ali i ukazuje da nema preknji\u017eavanja vjerske imovine bez odluke suda, kao svoju pobjedu tuma\u010de i vlast i Srpska pravoslavna crkva, podsje\u0107a Beta.<\/p>\n<p>Vlada ka\u017ee da nije ni bilo planirano da se jednostrano oduzmu crkve i manastiri kojima u Crnoj Gori gazduje SPC, dok u Mitropoliji navode da su sprije\u010dili otimanje imovine \u0161to nisu radili \u010dak ni Turci, ni Titovi komunisti.<\/p>\n<p>Vujanovi\u0107 je rekao i da se o\u010digledno pravi \u201evelika graja\u201c oko pozicije Srba u Crnoj Gori, koja se potpuno nerealno prikazuje.<\/p>\n<p>\u201eNisu Srbi ni\u010dim ugro\u017eeni u Crnoj Gori, to je \u010dista socijalna demagogija. Ja mislim da je najbolji model za pomirenje u Crnoj Gori da srpske stranke u\u0111u u vladu\u201c, rekao je on.<\/p>\n","protected":false},"excerpt":{"rendered":"<p>Biv\u0161i predsjednik Crne Gore Filip Vujanovi\u0107 je rekao da je najbolje da srpske stranke u\u0111u u vladu kao i da \u0107e manastiri i crkve u Crnoj Gori nakon usvajanja Zakona o slobodi vjeroispovesti biti u vlasni\u0161tvu dr\u017eave. On je, kako prenosi Antena M, rekao da ne zna da li je gro imovine prepisan u vlasni\u0161tvo [&hellip;]<\/p>\n","protected":false},"author":1,"featured_media":0,"comment_status":"open","ping_status":"closed","sticky":false,"template":"","format":"standard","meta":{"_seopress_robots_primary_cat":"","_seopress_titles_title":"","_seopress_titles_desc":"","_seopress_robots_index":"","_et_pb_use_builder":"","_et_pb_old_content":"","_et_gb_content_width":"","inline_featured_image":false,"footnotes":""},"categories":[14,12],"tags":[],"class_list":["post-270510","post","type-post","status-publish","format-standard","hentry","category-vijesti","category-prica-dana"],"_links":{"self":[{"href":"https:\/\/www.pcnen.com\/portal\/wp-json\/wp\/v2\/posts\/270510","targetHints":{"allow":["GET"]}}],"collection":[{"href":"https:\/\/www.pcnen.com\/portal\/wp-json\/wp\/v2\/posts"}],"about":[{"href":"https:\/\/www.pcnen.com\/portal\/wp-json\/wp\/v2\/types\/post"}],"author":[{"embeddable":true,"href":"https:\/\/www.pcnen.com\/portal\/wp-json\/wp\/v2\/users\/1"}],"replies":[{"embeddable":true,"href":"https:\/\/www.pcnen.com\/portal\/wp-json\/wp\/v2\/comments?post=270510"}],"version-history":[{"count":0,"href":"https:\/\/www.pcnen.com\/portal\/wp-json\/wp\/v2\/posts\/270510\/revisions"}],"wp:attachment":[{"href":"https:\/\/www.pcnen.com\/portal\/wp-json\/wp\/v2\/media?parent=270510"}],"wp:term":[{"taxonomy":"category","embeddable":true,"href":"https:\/\/www.pcnen.com\/portal\/wp-json\/wp\/v2\/categories?post=270510"},{"taxonomy":"post_tag","embeddable":true,"href":"https:\/\/www.pcnen.com\/portal\/wp-json\/wp\/v2\/tags?post=270510"}],"curies":[{"name":"wp","href":"https:\/\/api.w.org\/{rel}","templated":true}]}}