{"id":270494,"date":"2019-07-26T07:52:27","date_gmt":"2019-07-26T05:52:27","guid":{"rendered":"http:\/\/www.pcnen.com\/portal\/?p=270494"},"modified":"2019-07-26T07:52:27","modified_gmt":"2019-07-26T05:52:27","slug":"rekvijem-za-pravdu","status":"publish","type":"post","link":"https:\/\/www.pcnen.com\/portal\/2019\/07\/26\/rekvijem-za-pravdu\/","title":{"rendered":"Rekvijem za pravdu"},"content":{"rendered":"<p><strong>Pi\u0161e: Dejan Ili\u0107<\/strong><\/p>\n<p><img loading=\"lazy\" decoding=\"async\" class=\"alignleft size-medium wp-image-270495\" src=\"http:\/\/www.pcnen.com\/portal\/wp-content\/uploads\/2019\/07\/pravda-ilustracija-300x183.jpg\" alt=\"\" width=\"300\" height=\"183\" \/>Pustimo sad Vu\u010di\u0107eva blebetanja o suzama \u2013 naravno, \u201esrpskim\u201c \u2013 bez roditelja (takozvane suze-siro\u010dad). Ali to \u0161to on ve\u0107 sad zna da Ramusha Haradinaja ne\u0107e osuditi Sud u Hagu (Specijalni sud za Kosovo), ne\u0161to je sasvim drugo. Zacvileo je Vu\u010di\u0107 kako nema pravde za Srbe. Umesto tog otu\u017enog cvile\u017ea, umesno bi bilo zapitati se \u0161ta se zaista doga\u0111a sa pravdom, makar i tranzicionom, ako se na nju pogleda iz ugla ovog, zasada tre\u0107eg poku\u0161aja da se sudi donedavnom predsedniku vlade Kosova.<\/p>\n<p>Dva puta je Haradinaj izlazio pred Sud u Hagu (istina, pred jedan drugi sud: Me\u0111unarodni krivi\u010dni sud za biv\u0161u Jugoslaviju), prvo 2008. godine, pa onda i 2010, i oba puta, 2008. odnosno 2012, bile su odbijene kao neosnovane sve optu\u017ebe protiv njega. Za\u0161to je Haradinaj sada ponovo kao osumnji\u010deni pozvan u Hag, ako se ne mo\u017ee goniti za krivi\u010dna dela za koja je prethodno bio oslobo\u0111en od odgovornosti? On je u Hag kao osumnji\u010deni mogao otputovati samo zbog zlo\u010dina za koje mu se ranije nije sudilo.<\/p>\n<p>Specijalni sud za Kosovo ustanovljen je 2015. godine. Kao deo sudskog sistema Kosova, to je svojevrsni hibridni sud izme\u0161ten sa Kosova u Hag. O tome smo ve\u0107 govorili: samo osnivanje tog suda potvrda je nezavisnosti Kosova od Srbije. Ali, pustimo to. Bitno je ne\u0161to drugo \u2013 kada su i koje su to nove \u010dinjenice otkrivene i o kojim zlodelima, e da bi se Haradinaju jo\u0161 jednom sudilo? Vesti iz Haga su nemu\u0161te, na osnovu njih se ni\u0161ta ne mo\u017ee re\u0107i \u2013 Haradinaj je iza\u0161ao pred sud i \u0107utao, a izgleda da ni sudije nisu mnogo govorile. Posle se Haradinaj vratio ku\u0107i.<\/p>\n<p>Ne\u0161to govorljiviji bio je ovda\u0161nji biv\u0161i tu\u017eilac za ratne zlo\u010dine Vladimir Vuk\u010devi\u0107. On je rekao da je doma\u0107e tu\u017eila\u0161tvo jo\u0161 2009. prikupilo dokaze o notornoj trgovini organima. O trgovini organima (ili, ne\u0161to primerenije \u2013 kra\u0111i organa) izvestio je krajem 2010. godine Ve\u0107e Evrope \u0161vajcarski politi\u010dar i nekada\u0161nji tu\u017eilac Dick Marty. Taj njegov izve\u0161taj o zlo\u010dinima Oslobodila\u010dke vojske Kosova bio je razlog za osnivanje Specijalnog suda za Kosovo.<\/p>\n<p>Godine 2017, dokazi ovda\u0161njeg tu\u017eila\u0161tva iz 2009, kao ni Martyjev izve\u0161taj iz 2010, nisu delovali ubedljivo jednom sudiji u Francuskoj, pa on odbija da izru\u010di Haradinaja Srbiji, po\u0161to ga je prethodno na aerodromu uhapsila francuska policija na osnovu poternice srpske policije. Taj slu\u010daj neizru\u010denja bio je zanimljiv. Podsetimo se, Haradinaja hapse usred izborne kampanje u Srbiji, a odluku da ga ne izru\u010de donose po\u0161to su izbori zavr\u0161eni. U toj kampanji Vu\u010di\u0107 se hvalio svojim ugledom u svetu i po\u0161tovanjem koje mu se ukazuje. Da bi odmah posle izbora usledio sudski \u0161amar iz Francuske.<\/p>\n<p>Ostalo je tada nejasno za\u0161to odluka nije doneta ranije, nego se sve otezalo iako su razlozi zbog kojih je izru\u010denje odbijeno bili jasni ve\u0107 na po\u010detku procesa. Francuski sudija je zaklju\u010dio da Haradinaj ne bi imao fer su\u0111enje u Srbiji. A mogu\u0107e je i da mu dokazi nisu delovali uverljivo. Da jesu, Haradinaja je mogao poslati pravo u Hag, gde ve\u0107 radi Specijalni sud za Kosovo. Nije jasno ni za\u0161to iz Srbije dokazi nisu bili poslati upravo u Hag, nego su i\u0161li sudiji u Francuskoj: jer, znalo se da je samo sud u Hagu nadle\u017ean za zlodela na Kosovu (iz poznatog razloga: taj sud je svojevrsna potvrda nezavisnosti Kosova).<\/p>\n<p>Ovaj niz pravosudnih ekscesa, od 2008, preko 2012. i 2017, pokazuje da se nijedna strana \u2013 kosovska, srpska, francuska, a posredno i ha\u0161ka \u2013 nije bavila pravdom, istinom i postupanjem na osnovu utvr\u0111enih \u010dinjenica. Treba sumnjati u to da su posle 2017. iskrsli neki novi podaci, svedo\u010denja, dokazi. Sva je prilika da ono \u0161to se ve\u0107 zna ne slu\u017ei da se zadovolji pravda i nadoknadi \u0161teta (kako to lo\u0161e zvu\u010di kada se govori o ubijenim ljudima) \u017ertvama. Ta istina slu\u017ei kao instrument pritiska i ucene. Ona se pote\u017ee kada ovda\u0161nje aktere treba podsetiti na to da su se nekome spolja obavezali na poslu\u0161nost.<\/p>\n<p>Haradinaj i njegova odluka o taksama vide se kao glavna prepreka za novi krug dijaloga (dok se ovi ljudi dogovaraju, ne\u0107e tu biti nikakvog re\u0161enja) izme\u0111u \u010delnika Kosova i Srbije. Specijalni sud u Hagu zgodno je poslu\u017eio da se ta prepreka ukloni. Kada Vu\u010di\u0107 ka\u017ee da ne\u0107e biti pravde za Srbe, on, naravno, la\u017ee. Ali, kako to obi\u010dno radi, la\u017ee istinom. Jer, ne samo da ne\u0107e biti pravde za Srbe, ve\u0107 je, naprotiv, ne\u0107e biti ni za koga, kada se istina o zlo\u010dinima koristi kao instrument za manipulaciju. Haradinaj nije oti\u0161ao u Hag da odgovara, on je u Hag sklonjen da bi se ovde nastavili besmisleni dogovori.<\/p>\n<p>Kada Vu\u010di\u0107 nari\u010de za pravdom (za \u201eSrbe\u201c), najodurnije je u tome upravo to \u0161to je i on sam, kao i Haradinaj, deo tog korumpiranog pravosudnog mehanizma. Kao nad Haradinajem, verovatno i nad njim visi pretnja, koja \u0107e biti aktivirana kada se za to uka\u017ee potreba. Za sad, za razliku od Haradinaja, on se pokazuje kao poslu\u0161na marioneta. Ali, to je njegov problem i problem onih koji ga slede. Na\u0161 je problem \u0161to te konce spolja vuku ljudi koji se nimalo ne razlikuju ni od Vu\u010di\u0107a ni od Haradinaja.<\/p>\n<p><a href=\"https:\/\/pescanik.net\/rekvijem-za-pravdu\/\">Pe\u0161\u010danik.net<\/a><\/p>\n","protected":false},"excerpt":{"rendered":"<p>Kada Vu\u010di\u0107 nari\u010de za pravdom (za \u201eSrbe\u201c), najodurnije je u tome upravo to \u0161to je i on sam, kao i Haradinaj, deo tog korumpiranog pravosudnog mehanizma<\/p>\n","protected":false},"author":1,"featured_media":0,"comment_status":"open","ping_status":"closed","sticky":false,"template":"","format":"standard","meta":{"_seopress_robots_primary_cat":"","_seopress_titles_title":"","_seopress_titles_desc":"","_seopress_robots_index":"","_et_pb_use_builder":"","_et_pb_old_content":"","_et_gb_content_width":"","inline_featured_image":false,"footnotes":""},"categories":[5],"tags":[],"class_list":["post-270494","post","type-post","status-publish","format-standard","hentry","category-drugi-pisu"],"_links":{"self":[{"href":"https:\/\/www.pcnen.com\/portal\/wp-json\/wp\/v2\/posts\/270494","targetHints":{"allow":["GET"]}}],"collection":[{"href":"https:\/\/www.pcnen.com\/portal\/wp-json\/wp\/v2\/posts"}],"about":[{"href":"https:\/\/www.pcnen.com\/portal\/wp-json\/wp\/v2\/types\/post"}],"author":[{"embeddable":true,"href":"https:\/\/www.pcnen.com\/portal\/wp-json\/wp\/v2\/users\/1"}],"replies":[{"embeddable":true,"href":"https:\/\/www.pcnen.com\/portal\/wp-json\/wp\/v2\/comments?post=270494"}],"version-history":[{"count":0,"href":"https:\/\/www.pcnen.com\/portal\/wp-json\/wp\/v2\/posts\/270494\/revisions"}],"wp:attachment":[{"href":"https:\/\/www.pcnen.com\/portal\/wp-json\/wp\/v2\/media?parent=270494"}],"wp:term":[{"taxonomy":"category","embeddable":true,"href":"https:\/\/www.pcnen.com\/portal\/wp-json\/wp\/v2\/categories?post=270494"},{"taxonomy":"post_tag","embeddable":true,"href":"https:\/\/www.pcnen.com\/portal\/wp-json\/wp\/v2\/tags?post=270494"}],"curies":[{"name":"wp","href":"https:\/\/api.w.org\/{rel}","templated":true}]}}