{"id":270484,"date":"2019-07-25T21:23:37","date_gmt":"2019-07-25T19:23:37","guid":{"rendered":"http:\/\/www.pcnen.com\/portal\/?p=270484"},"modified":"2019-07-25T21:34:51","modified_gmt":"2019-07-25T19:34:51","slug":"strucnjaci-upozoravaju-amazonska-suma-postace-savana","status":"publish","type":"post","link":"https:\/\/www.pcnen.com\/portal\/2019\/07\/25\/strucnjaci-upozoravaju-amazonska-suma-postace-savana\/","title":{"rendered":"Stru\u010dnjaci upozoravaju: Amazonska \u0161uma posta\u0107e savana"},"content":{"rendered":"<p><img loading=\"lazy\" decoding=\"async\" src=\"http:\/\/www.pcnen.com\/portal\/wp-content\/uploads\/2019\/01\/amazonija-300x215.jpg\" alt=\"\" width=\"300\" height=\"215\" class=\"alignleft size-medium wp-image-259736\" \/>Razmjere kr\u010denja \u0161uma brazilske Amazonske pra\u0161ume toliko su velike da se sada smatra kako se uni\u0161ti i vi\u0161e od veli\u010dine tri fudbalska igrali\u0161ta tog podru\u010dja na minutu, \u0161to zna\u010di da bismo uskoro mogli do\u0107i do te to\u010dke nakon koje se Amazonija vi\u0161e ne bi mogla oporaviti, javlja The Guardian, prenosi index.hr.<\/p>\n<p>O\u0161tar porast sje\u010de \u0161uma, koji se dogodio u maju i junu ove godine, potvr\u0111uje da je predsjednik \u017dair Bolsonaro dao zeleno svjetlo ilegalnom eksploatisanju zemlji\u0161ta, sje\u010di i spaljivanju okoli\u0161a.<\/p>\n<p>Prema informacijama satelitskog Sistema Deter B, koji je po\u010deo s radom 2015. godine, u julu se posjeklo 1.345 km2 brazilske Amazonske pra\u0161ume, \u0161to je za tre\u0107inu vi\u0161e nego \u0161to je bilo posje\u010deno u junu.<\/p>\n<p>Mada je do kraja ovog mjeseca ostalo jo\u0161 samo nekoliko dana, pretpostavlja se da su razmjeri uni\u0161tavanja Amazonije toliki da \u0107e ovo biti prvi mjesec, u zadnjih nekoliko godina, da je Brazil izgubio podru\u010dje pra\u0161ume veli\u010dine \u0161ireg podru\u010dja Londona.<\/p>\n<p>Stalno smanjenje pra\u0161umskog podru\u010dja prijeti i globalnoj stabilizaciji klime. Naime, ako se nastavi ovim tempom, pra\u0161ume bi se mogle pretvoriti u savanu pri \u010demu \u0107e se smanjiti sposobnost apsorpcije ugljika, \u0161to bi moglo ubrzati globalno zatopljenje.<\/p>\n<p>U prvih sedam mjeseci svoje vlasti, Bolsonaro je dao sna\u017enu podr\u0161ku poljoprivrednim i rudarskim kompanijama i pritom umanjio nadle\u017enost vladinih agencije odgovornih za za\u0161titu \u0161uma i okoli\u0161a.<\/p>\n<p>Tako je Agenciju za za\u0161titu okoli\u0161a stavio pod nadzor ministarstva poljoprivrede, na \u010dijem je \u010delu vo\u0111a poljoprivrednog lobija.<\/p>\n<p>Predsjednik i drugi ministri u vi\u0161e su navrata kritizirali Agenciju za nadzor \u0161uma, Ibama, zbog izricanja nov\u010danih kazni nezakonitim drvosje\u010dama, a vlada je poduzela korake kako bi oslabila za\u0161titu \u0161umskih rezervata i autohtonih podru\u010dja. <\/p>\n","protected":false},"excerpt":{"rendered":"<p>Razmjere kr\u010denja \u0161uma brazilske Amazonske pra\u0161ume toliko su velike da se sada smatra kako se uni\u0161ti i vi\u0161e od veli\u010dine tri fudbalska igrali\u0161ta tog podru\u010dja na minutu, \u0161to zna\u010di da bismo uskoro mogli do\u0107i do te to\u010dke nakon koje se Amazonija vi\u0161e ne bi mogla oporaviti, javlja The Guardian, prenosi index.hr. O\u0161tar porast sje\u010de \u0161uma, [&hellip;]<\/p>\n","protected":false},"author":1,"featured_media":0,"comment_status":"open","ping_status":"closed","sticky":false,"template":"","format":"standard","meta":{"_seopress_robots_primary_cat":"","_seopress_titles_title":"","_seopress_titles_desc":"","_seopress_robots_index":"","_et_pb_use_builder":"","_et_pb_old_content":"","_et_gb_content_width":"","inline_featured_image":false,"footnotes":""},"categories":[14,12],"tags":[],"class_list":["post-270484","post","type-post","status-publish","format-standard","hentry","category-vijesti","category-prica-dana"],"_links":{"self":[{"href":"https:\/\/www.pcnen.com\/portal\/wp-json\/wp\/v2\/posts\/270484","targetHints":{"allow":["GET"]}}],"collection":[{"href":"https:\/\/www.pcnen.com\/portal\/wp-json\/wp\/v2\/posts"}],"about":[{"href":"https:\/\/www.pcnen.com\/portal\/wp-json\/wp\/v2\/types\/post"}],"author":[{"embeddable":true,"href":"https:\/\/www.pcnen.com\/portal\/wp-json\/wp\/v2\/users\/1"}],"replies":[{"embeddable":true,"href":"https:\/\/www.pcnen.com\/portal\/wp-json\/wp\/v2\/comments?post=270484"}],"version-history":[{"count":0,"href":"https:\/\/www.pcnen.com\/portal\/wp-json\/wp\/v2\/posts\/270484\/revisions"}],"wp:attachment":[{"href":"https:\/\/www.pcnen.com\/portal\/wp-json\/wp\/v2\/media?parent=270484"}],"wp:term":[{"taxonomy":"category","embeddable":true,"href":"https:\/\/www.pcnen.com\/portal\/wp-json\/wp\/v2\/categories?post=270484"},{"taxonomy":"post_tag","embeddable":true,"href":"https:\/\/www.pcnen.com\/portal\/wp-json\/wp\/v2\/tags?post=270484"}],"curies":[{"name":"wp","href":"https:\/\/api.w.org\/{rel}","templated":true}]}}