{"id":270432,"date":"2019-07-24T21:33:45","date_gmt":"2019-07-24T19:33:45","guid":{"rendered":"http:\/\/www.pcnen.com\/portal\/?p=270432"},"modified":"2019-07-24T22:58:33","modified_gmt":"2019-07-24T20:58:33","slug":"veoma-toplo-do-37-stepeni","status":"publish","type":"post","link":"https:\/\/www.pcnen.com\/portal\/2019\/07\/24\/veoma-toplo-do-37-stepeni\/","title":{"rendered":"Veoma toplo, do 37 stepeni"},"content":{"rendered":"<p><img loading=\"lazy\" decoding=\"async\" class=\"alignleft size-medium wp-image-270433\" src=\"http:\/\/www.pcnen.com\/portal\/wp-content\/uploads\/2019\/07\/magarac-300x150.jpg\" alt=\"\" width=\"300\" height=\"150\" \/>Prete\u017eno sun\u010dano i veoma toplo bi\u0107e u \u010detvrtak u Crnoj Gori.<\/p>\n<p>Na sjeveru zemlje \u0107e ujutro po kotlinama biti magla, a poslije podne umjereno obla\u010dno.<\/p>\n<p>Vjetar \u0107e biti slab do umjeren i promjenljiv, a ujutru ili prijepodne ponegdje umjeren sjeverni i sjeveroisto\u010dni.<\/p>\n<p>Jutarnja temperatura vazduha kreta\u0107e se od 10 do 23, najvi\u0161a dnevna 25 do 37 stepeni.<\/p>\n<p>U Podgorici \u0107e biti sun\u010dano i veoma toplo. Ujtro \u0107e duvati slab do umjeren sjeveroisto\u010dni vjetar. Jutarnja temperatura vazduha bi\u0107e oko 23, najvi\u0161a dnevna do 37 stepeni.<\/p>\n<p><a href=\"http:\/\/www.meteo.co.me\/misc.php?text=121&amp;sektor=1&amp;grad=AND\" target=\"_blank\" rel=\"noopener\">Prognoza za ostale gradove.<\/a><\/p>\n","protected":false},"excerpt":{"rendered":"<p>Prete\u017eno sun\u010dano i veoma toplo bi\u0107e u \u010detvrtak u Crnoj Gori. Na sjeveru zemlje \u0107e ujutro po kotlinama biti magla, a poslije podne umjereno obla\u010dno. Vjetar \u0107e biti slab do umjeren i promjenljiv, a ujutru ili prijepodne ponegdje umjeren sjeverni i sjeveroisto\u010dni. Jutarnja temperatura vazduha kreta\u0107e se od 10 do 23, najvi\u0161a dnevna 25 do [&hellip;]<\/p>\n","protected":false},"author":1,"featured_media":0,"comment_status":"open","ping_status":"closed","sticky":false,"template":"","format":"standard","meta":{"_seopress_robots_primary_cat":"","_seopress_titles_title":"","_seopress_titles_desc":"","_seopress_robots_index":"","_et_pb_use_builder":"","_et_pb_old_content":"","_et_gb_content_width":"","inline_featured_image":false,"footnotes":""},"categories":[14,12],"tags":[],"class_list":["post-270432","post","type-post","status-publish","format-standard","hentry","category-vijesti","category-prica-dana"],"_links":{"self":[{"href":"https:\/\/www.pcnen.com\/portal\/wp-json\/wp\/v2\/posts\/270432","targetHints":{"allow":["GET"]}}],"collection":[{"href":"https:\/\/www.pcnen.com\/portal\/wp-json\/wp\/v2\/posts"}],"about":[{"href":"https:\/\/www.pcnen.com\/portal\/wp-json\/wp\/v2\/types\/post"}],"author":[{"embeddable":true,"href":"https:\/\/www.pcnen.com\/portal\/wp-json\/wp\/v2\/users\/1"}],"replies":[{"embeddable":true,"href":"https:\/\/www.pcnen.com\/portal\/wp-json\/wp\/v2\/comments?post=270432"}],"version-history":[{"count":0,"href":"https:\/\/www.pcnen.com\/portal\/wp-json\/wp\/v2\/posts\/270432\/revisions"}],"wp:attachment":[{"href":"https:\/\/www.pcnen.com\/portal\/wp-json\/wp\/v2\/media?parent=270432"}],"wp:term":[{"taxonomy":"category","embeddable":true,"href":"https:\/\/www.pcnen.com\/portal\/wp-json\/wp\/v2\/categories?post=270432"},{"taxonomy":"post_tag","embeddable":true,"href":"https:\/\/www.pcnen.com\/portal\/wp-json\/wp\/v2\/tags?post=270432"}],"curies":[{"name":"wp","href":"https:\/\/api.w.org\/{rel}","templated":true}]}}