{"id":270422,"date":"2019-07-24T16:10:20","date_gmt":"2019-07-24T14:10:20","guid":{"rendered":"http:\/\/www.pcnen.com\/portal\/?p=270422"},"modified":"2019-07-24T16:10:20","modified_gmt":"2019-07-24T14:10:20","slug":"sud-u-strazburu-nema-razumijavanje-za-zalbe-majki-iz-crne-gore","status":"publish","type":"post","link":"https:\/\/www.pcnen.com\/portal\/2019\/07\/24\/sud-u-strazburu-nema-razumijavanje-za-zalbe-majki-iz-crne-gore\/","title":{"rendered":"Sud u Strazburu nema razumijavanje za \u017ealbe majki iz Crne Gore"},"content":{"rendered":"<div id=\"attachment_222969\" style=\"width: 394px\" class=\"wp-caption alignleft\"><img loading=\"lazy\" decoding=\"async\" aria-describedby=\"caption-attachment-222969\" class=\" wp-image-222969\" src=\"http:\/\/www.pcnen.com\/portal\/wp-content\/uploads\/2017\/03\/protest-majki-strajk-gladju-300x202.jpg\" alt=\"\" width=\"384\" height=\"259\" \/><p id=\"caption-attachment-222969\" class=\"wp-caption-text\">Arhivski snimak: Protest maki u Podgorici<\/p><\/div>\n<p>Evropski sud za ljudska prava u Strazburu je odbacio 70 predstavki majki iz Crne Gore koje su se \u017ealile zbog gubitka prava\u00a0 na naknadu po osnovu ro\u0111enja troje i vi\u0161e djece, objavio je danas RTCG, pozivaju\u0107i se na izjavu zastupnice Crne Gore u pomenutom sudu Valentine Pavli\u010di\u0107.<\/p>\n<p>Punomo\u0107nik majki Budimir Mini\u0107 je kazao za RTCG da je majkama proslijedio tipski formular, koji je trebalo da popune li\u010dnim podacima. \u201cTu je, na \u017ealost, do\u0161lo do gre\u0161aka, jer se radi o neukim osobama, koje su propustile da se protpi\u0161u na oba mjesta u prestavki. Sud u Strazburu insistira na svakoj sitnici&#8221;.<\/p>\n<p>Mini\u0107 je kazao da je, koliko on zna, u fazi prethodnog ispitivanja Sud odbacio 10 &#8211; 15 predstavki, a da ostale idu dr\u017eavi na izja\u0161njenje, nakon \u010dega \u0107e se znati kakve su \u0161anse \u201cza ovaj dio predmeta\u201d.<\/p>\n<p>Pavli\u010di\u0107 je za RTCG objasnila da je Evropski sud za ljudska prava zauzeo stav da svaka dr\u017eava sama mora urediti socijalnu politiku, te da ista sudbina \u010deka i ostale prestavke majki iz Crne Gore.<\/p>\n<p>Prestavke Sudu u Strazburu uputilo je oko 300 majki.<\/p>\n","protected":false},"excerpt":{"rendered":"<p>Evropski sud za ljudska prava u Strazburu je odbacio 70 predstavki majki iz Crne Gore koje su se \u017ealile zbog gubitka prava\u00a0 na naknadu po osnovu ro\u0111enja troje i vi\u0161e djece, objavio je danas RTCG, pozivaju\u0107i se na izjavu zastupnice Crne Gore u pomenutom sudu Valentine Pavli\u010di\u0107. Punomo\u0107nik majki Budimir Mini\u0107 je kazao za RTCG [&hellip;]<\/p>\n","protected":false},"author":1,"featured_media":222969,"comment_status":"open","ping_status":"closed","sticky":false,"template":"","format":"standard","meta":{"_seopress_robots_primary_cat":"","_seopress_titles_title":"","_seopress_titles_desc":"","_seopress_robots_index":"","_et_pb_use_builder":"","_et_pb_old_content":"","_et_gb_content_width":"","inline_featured_image":false,"footnotes":""},"categories":[14,12],"tags":[],"class_list":["post-270422","post","type-post","status-publish","format-standard","has-post-thumbnail","hentry","category-vijesti","category-prica-dana"],"_links":{"self":[{"href":"https:\/\/www.pcnen.com\/portal\/wp-json\/wp\/v2\/posts\/270422","targetHints":{"allow":["GET"]}}],"collection":[{"href":"https:\/\/www.pcnen.com\/portal\/wp-json\/wp\/v2\/posts"}],"about":[{"href":"https:\/\/www.pcnen.com\/portal\/wp-json\/wp\/v2\/types\/post"}],"author":[{"embeddable":true,"href":"https:\/\/www.pcnen.com\/portal\/wp-json\/wp\/v2\/users\/1"}],"replies":[{"embeddable":true,"href":"https:\/\/www.pcnen.com\/portal\/wp-json\/wp\/v2\/comments?post=270422"}],"version-history":[{"count":0,"href":"https:\/\/www.pcnen.com\/portal\/wp-json\/wp\/v2\/posts\/270422\/revisions"}],"wp:featuredmedia":[{"embeddable":true,"href":"https:\/\/www.pcnen.com\/portal\/wp-json\/wp\/v2\/media\/222969"}],"wp:attachment":[{"href":"https:\/\/www.pcnen.com\/portal\/wp-json\/wp\/v2\/media?parent=270422"}],"wp:term":[{"taxonomy":"category","embeddable":true,"href":"https:\/\/www.pcnen.com\/portal\/wp-json\/wp\/v2\/categories?post=270422"},{"taxonomy":"post_tag","embeddable":true,"href":"https:\/\/www.pcnen.com\/portal\/wp-json\/wp\/v2\/tags?post=270422"}],"curies":[{"name":"wp","href":"https:\/\/api.w.org\/{rel}","templated":true}]}}