{"id":270411,"date":"2019-07-24T12:41:01","date_gmt":"2019-07-24T10:41:01","guid":{"rendered":"http:\/\/www.pcnen.com\/portal\/?p=270411"},"modified":"2019-07-24T15:41:02","modified_gmt":"2019-07-24T13:41:02","slug":"bnv-zatrazilo-od-srbije-i-cg-specijalni-status-sandzaka","status":"publish","type":"post","link":"https:\/\/www.pcnen.com\/portal\/2019\/07\/24\/bnv-zatrazilo-od-srbije-i-cg-specijalni-status-sandzaka\/","title":{"rendered":"BNV zatra\u017eilo od Srbije i CG specijalni status Sand\u017eaka"},"content":{"rendered":"<p><img loading=\"lazy\" decoding=\"async\" class=\"alignleft size-medium wp-image-183456\" src=\"http:\/\/www.pcnen.com\/portal\/wp-content\/uploads\/2015\/06\/Sandzak-eu-regija-300x201.jpg\" alt=\"\" width=\"300\" height=\"201\" \/>Bo\u0161nja\u010dko nacionalno vije\u0107e (BNV) je uputilo danas dr\u017eavnim organima Srbije i Crne Gore zahtjev za uspostavljanje specijalnog statusa za Sand\u017eak, kao model za rje\u0161avanje bo\u0161nja\u010dkog i sand\u017ea\u010dkog pitanja.<\/p>\n<p>U pismu upu\u0107enom nadle\u017enim organima navodi se da uspostavljanje specijalnog statusa za Sand\u017eak predstavlja &#8220;trajan i stabilan mehanizam&#8221; koji osigurava pravo Bo\u0161njaka na &#8220;politi\u010dku egzistenciju i nesmetan dru\u0161tveni i ekonomski razvoj&#8221;, prenosi Beta.<\/p>\n<p>U saop\u0161tenju se dodaje da specijalni status Sand\u017eaka, kao teritorijalno politi\u010dke zajednice, garantuje &#8220;ravnopravnost i konstitutivnost svih sand\u017ea\u010dkih naroda, Albanaca, Bo\u0161njaka, Crnogoraca i Srba&#8221;.<\/p>\n<p>&#8220;U cilju izgradnje slobodnog, multinacionalnog, multikulturalnog, mulitkonfesionalnog i demokratskog dru\u0161tva jednakih \u0161ansi za sve, Bo\u0161nja\u010dko nacionalno vije\u0107e Vas poziva na dijalog te ukazuje na zna\u010daj i va\u017enost neodlo\u017enog prihvatanja rje\u0161enja predlo\u017eenog putem ove Inicijative&#8221;, pi\u0161e u saop\u0161tenju, prenosi RTCG.<\/p>\n","protected":false},"excerpt":{"rendered":"<p>Bo\u0161nja\u010dko nacionalno vije\u0107e (BNV) je uputilo danas dr\u017eavnim organima Srbije i Crne Gore zahtjev za uspostavljanje specijalnog statusa za Sand\u017eak, kao model za rje\u0161avanje bo\u0161nja\u010dkog i sand\u017ea\u010dkog pitanja. U pismu upu\u0107enom nadle\u017enim organima navodi se da uspostavljanje specijalnog statusa za Sand\u017eak predstavlja &#8220;trajan i stabilan mehanizam&#8221; koji osigurava pravo Bo\u0161njaka na &#8220;politi\u010dku egzistenciju i nesmetan [&hellip;]<\/p>\n","protected":false},"author":1,"featured_media":183456,"comment_status":"open","ping_status":"closed","sticky":false,"template":"","format":"standard","meta":{"_seopress_robots_primary_cat":"","_seopress_titles_title":"","_seopress_titles_desc":"","_seopress_robots_index":"","_et_pb_use_builder":"","_et_pb_old_content":"","_et_gb_content_width":"","inline_featured_image":false,"footnotes":""},"categories":[14,12],"tags":[],"class_list":["post-270411","post","type-post","status-publish","format-standard","has-post-thumbnail","hentry","category-vijesti","category-prica-dana"],"_links":{"self":[{"href":"https:\/\/www.pcnen.com\/portal\/wp-json\/wp\/v2\/posts\/270411","targetHints":{"allow":["GET"]}}],"collection":[{"href":"https:\/\/www.pcnen.com\/portal\/wp-json\/wp\/v2\/posts"}],"about":[{"href":"https:\/\/www.pcnen.com\/portal\/wp-json\/wp\/v2\/types\/post"}],"author":[{"embeddable":true,"href":"https:\/\/www.pcnen.com\/portal\/wp-json\/wp\/v2\/users\/1"}],"replies":[{"embeddable":true,"href":"https:\/\/www.pcnen.com\/portal\/wp-json\/wp\/v2\/comments?post=270411"}],"version-history":[{"count":0,"href":"https:\/\/www.pcnen.com\/portal\/wp-json\/wp\/v2\/posts\/270411\/revisions"}],"wp:featuredmedia":[{"embeddable":true,"href":"https:\/\/www.pcnen.com\/portal\/wp-json\/wp\/v2\/media\/183456"}],"wp:attachment":[{"href":"https:\/\/www.pcnen.com\/portal\/wp-json\/wp\/v2\/media?parent=270411"}],"wp:term":[{"taxonomy":"category","embeddable":true,"href":"https:\/\/www.pcnen.com\/portal\/wp-json\/wp\/v2\/categories?post=270411"},{"taxonomy":"post_tag","embeddable":true,"href":"https:\/\/www.pcnen.com\/portal\/wp-json\/wp\/v2\/tags?post=270411"}],"curies":[{"name":"wp","href":"https:\/\/api.w.org\/{rel}","templated":true}]}}