{"id":270402,"date":"2019-07-24T11:12:24","date_gmt":"2019-07-24T09:12:24","guid":{"rendered":"http:\/\/www.pcnen.com\/portal\/?p=270402"},"modified":"2019-07-24T14:29:53","modified_gmt":"2019-07-24T12:29:53","slug":"u-avganistanu-ranjena-tri-pripadnika-hrvatske-vojske","status":"publish","type":"post","link":"https:\/\/www.pcnen.com\/portal\/2019\/07\/24\/u-avganistanu-ranjena-tri-pripadnika-hrvatske-vojske\/","title":{"rendered":"U Avganistanu ranjena tri hrvatska vojnika"},"content":{"rendered":"<p><img loading=\"lazy\" decoding=\"async\" class=\"alignleft size-medium wp-image-223836\" src=\"http:\/\/www.pcnen.com\/portal\/wp-content\/uploads\/2017\/03\/NATO-Avganistan-300x218.jpg\" alt=\"\" width=\"300\" height=\"218\" \/>Tri pripadnika Hrvatske vojske u mirovnoj misiji u Avganistanu ranjeni su rano jutro u napadu na njihovo neborbeno oklopno vozilo u Kabulu.<\/p>\n<p>Jednom vojniku je te\u017ee povrije\u0111ena glava i \u017eivot mu je ugro\u017een, a dvojica su te\u017ee ranjeni ali im \u017eivoti nijesu ugro\u017eeni, saop\u0161tio je ministar odbrane Damir Krsti\u010devi\u0107, prenosi RSE.<\/p>\n<p>Prema prvim informacijama, na vozilo je naletio bomba\u0161-samoubica na motociklu.<\/p>\n<p>&#8220;Hrvatski vojnici kretali su se u tri vozila. Oko 8 sati ujutro krenuli su u kamp Kaja. U 8.45 sati, na putu od kampa Kaja do kampa Lion, na 200 metara od kampa Lion, do\u0161lo je do zalijetanja trokolice motocikla s bomba\u0161em samoubicom u na\u0161e vozilo. Na lice mjesta su iza\u0161le avganistanske snage i pru\u017eile pomo\u0107 na\u0161im ozlije\u0111enima. Da vozilo nije bilo blindirano posljedice bi bile puno te\u017ee&#8221;, saop\u0161teno je na pres-konferenciji.<\/p>\n","protected":false},"excerpt":{"rendered":"<p>Tri pripadnika Hrvatske vojske u mirovnoj misiji u Avganistanu ranjeni su rano jutro u napadu na njihovo neborbeno oklopno vozilo u Kabulu. Jednom vojniku je te\u017ee povrije\u0111ena glava i \u017eivot mu je ugro\u017een, a dvojica su te\u017ee ranjeni ali im \u017eivoti nijesu ugro\u017eeni, saop\u0161tio je ministar odbrane Damir Krsti\u010devi\u0107, prenosi RSE. Prema prvim informacijama, na [&hellip;]<\/p>\n","protected":false},"author":1,"featured_media":0,"comment_status":"open","ping_status":"closed","sticky":false,"template":"","format":"standard","meta":{"_seopress_robots_primary_cat":"","_seopress_titles_title":"","_seopress_titles_desc":"","_seopress_robots_index":"","_et_pb_use_builder":"","_et_pb_old_content":"","_et_gb_content_width":"","inline_featured_image":false,"footnotes":""},"categories":[14,12],"tags":[],"class_list":["post-270402","post","type-post","status-publish","format-standard","hentry","category-vijesti","category-prica-dana"],"_links":{"self":[{"href":"https:\/\/www.pcnen.com\/portal\/wp-json\/wp\/v2\/posts\/270402","targetHints":{"allow":["GET"]}}],"collection":[{"href":"https:\/\/www.pcnen.com\/portal\/wp-json\/wp\/v2\/posts"}],"about":[{"href":"https:\/\/www.pcnen.com\/portal\/wp-json\/wp\/v2\/types\/post"}],"author":[{"embeddable":true,"href":"https:\/\/www.pcnen.com\/portal\/wp-json\/wp\/v2\/users\/1"}],"replies":[{"embeddable":true,"href":"https:\/\/www.pcnen.com\/portal\/wp-json\/wp\/v2\/comments?post=270402"}],"version-history":[{"count":0,"href":"https:\/\/www.pcnen.com\/portal\/wp-json\/wp\/v2\/posts\/270402\/revisions"}],"wp:attachment":[{"href":"https:\/\/www.pcnen.com\/portal\/wp-json\/wp\/v2\/media?parent=270402"}],"wp:term":[{"taxonomy":"category","embeddable":true,"href":"https:\/\/www.pcnen.com\/portal\/wp-json\/wp\/v2\/categories?post=270402"},{"taxonomy":"post_tag","embeddable":true,"href":"https:\/\/www.pcnen.com\/portal\/wp-json\/wp\/v2\/tags?post=270402"}],"curies":[{"name":"wp","href":"https:\/\/api.w.org\/{rel}","templated":true}]}}