{"id":270282,"date":"2019-07-21T23:12:22","date_gmt":"2019-07-21T21:12:22","guid":{"rendered":"http:\/\/www.pcnen.com\/portal\/?p=270282"},"modified":"2019-07-21T23:12:22","modified_gmt":"2019-07-21T21:12:22","slug":"veoma-toplo-19","status":"publish","type":"post","link":"https:\/\/www.pcnen.com\/portal\/2019\/07\/21\/veoma-toplo-19\/","title":{"rendered":"Veoma toplo"},"content":{"rendered":"<p><img loading=\"lazy\" decoding=\"async\" class=\"alignleft size-medium wp-image-270221\" src=\"http:\/\/www.pcnen.com\/portal\/wp-content\/uploads\/2019\/07\/Bukovi-Bukovica-225x300.jpg\" alt=\"\" width=\"225\" height=\"300\" \/>Prete\u017eno sun\u010dano i veoma toplo bi\u0107e u Crnoj Gori u ponedjeljak.<\/p>\n<p>Po kotlinama na sjeveru zemlje \u0107e ponegdje ujutru biti magla, a popodne \u0107e, uz umjeren ili poja\u010dan razvoj obla\u010dnosti, biti lokalno kratkotrajne ki\u0161e ili pljuska i grmljavine.<\/p>\n<p>Vjetar \u0107e biti slab do umjeren i promjenljiv. Od sredine dana duva\u0107e sa sjevera i sjeveroistoka. Krajem dana i tokom no\u0107i vjetar \u0107e biti mjestimi\u010dno umjeren do poja\u010dan.<\/p>\n<p>Jutarnja temperatura vazduha bi\u0107e u rasponu od 12 do 22, a najvi\u0161a dnevna od 25 do 38 stepeni.<\/p>\n<p>U Podgorici \u0107e biti sun\u010dano i veoma toplo, uz umjeren razvoj obla\u010dnosti. Promjenljiv vjetar bi\u0107e slab do umjeren. Krajem dana ili tokom no\u0107i duva\u0107e umjeren do poja\u010dan sjeveroisto\u010dnjak. Jutarnja temperatura vazduha bi\u0107e oko 22, a najvi\u0161a dnevna do 38 stepeni.<\/p>\n<p><a href=\"http:\/\/www.meteo.co.me\/misc.php?text=121&amp;sektor=1&amp;grad=GUS\" target=\"_blank\" rel=\"noopener\">Prognoza za ostale gadove.<\/a><\/p>\n","protected":false},"excerpt":{"rendered":"<p>Od sredine dana duva\u0107e sa sjevera i sjeveroistola<\/p>\n","protected":false},"author":1,"featured_media":0,"comment_status":"open","ping_status":"closed","sticky":false,"template":"","format":"standard","meta":{"_seopress_robots_primary_cat":"","_seopress_titles_title":"","_seopress_titles_desc":"","_seopress_robots_index":"","_et_pb_use_builder":"","_et_pb_old_content":"","_et_gb_content_width":"","inline_featured_image":false,"footnotes":""},"categories":[14,12],"tags":[],"class_list":["post-270282","post","type-post","status-publish","format-standard","hentry","category-vijesti","category-prica-dana"],"_links":{"self":[{"href":"https:\/\/www.pcnen.com\/portal\/wp-json\/wp\/v2\/posts\/270282","targetHints":{"allow":["GET"]}}],"collection":[{"href":"https:\/\/www.pcnen.com\/portal\/wp-json\/wp\/v2\/posts"}],"about":[{"href":"https:\/\/www.pcnen.com\/portal\/wp-json\/wp\/v2\/types\/post"}],"author":[{"embeddable":true,"href":"https:\/\/www.pcnen.com\/portal\/wp-json\/wp\/v2\/users\/1"}],"replies":[{"embeddable":true,"href":"https:\/\/www.pcnen.com\/portal\/wp-json\/wp\/v2\/comments?post=270282"}],"version-history":[{"count":0,"href":"https:\/\/www.pcnen.com\/portal\/wp-json\/wp\/v2\/posts\/270282\/revisions"}],"wp:attachment":[{"href":"https:\/\/www.pcnen.com\/portal\/wp-json\/wp\/v2\/media?parent=270282"}],"wp:term":[{"taxonomy":"category","embeddable":true,"href":"https:\/\/www.pcnen.com\/portal\/wp-json\/wp\/v2\/categories?post=270282"},{"taxonomy":"post_tag","embeddable":true,"href":"https:\/\/www.pcnen.com\/portal\/wp-json\/wp\/v2\/tags?post=270282"}],"curies":[{"name":"wp","href":"https:\/\/api.w.org\/{rel}","templated":true}]}}