{"id":270238,"date":"2019-07-21T17:06:54","date_gmt":"2019-07-21T15:06:54","guid":{"rendered":"http:\/\/www.pcnen.com\/portal\/?p=270238"},"modified":"2019-07-21T17:07:36","modified_gmt":"2019-07-21T15:07:36","slug":"protest-ne-ubijajmo-taru","status":"publish","type":"post","link":"https:\/\/www.pcnen.com\/portal\/2019\/07\/21\/protest-ne-ubijajmo-taru\/","title":{"rendered":"Protest: Ne ubijajmo Taru"},"content":{"rendered":"<p><img loading=\"lazy\" decoding=\"async\" class=\"alignleft size-full wp-image-270085\" src=\"http:\/\/www.pcnen.com\/portal\/wp-content\/uploads\/2019\/07\/tara-zamucena.jpg\" alt=\"\" width=\"318\" height=\"220\" \/>Na obali mutne rijeke Tare danas je odr\u017ean protestni skup gra\u0111ana pod motom: &#8220;Ne ubijajmo Taru&#8221; i zatra\u017eena hitna intervencija nadle\u017enih.<\/p>\n<p>Povod za okupljanje gra\u0111ana je \u010dinjenica da je rijeka ve\u0107 sedam dana potpuno mutna, kao i fotografije i video snimci sa gradili\u0161ta auto puta, &#8220;koji svjedo\u010de o devastaciji rijeke&#8221;, <a href=\"https:\/\/www.vijesti.me\/vijesti\/drustvo\/skup-gradana-ne-ubijajmo-taru-neophodna-hitna-intervencija-nadleznih\">izvje\u0161tava portal Vijesti.<\/a><\/p>\n<p>&#8220;Niko do nas nije protiv izgradnje puteva i razvoja, ali ti putevi moraju da se rade tako da dugoro\u010dno ne ugro\u017eavaju priorodu i na\u0161 \u017eivot. Tara je ne samo crnogorski, ve\u0107 i evropski brend i, umjesto da se razvijamo zahvaljuju\u0107i njoj, mi je uni\u0161tavamo. Ugro\u017eene su i njene pritoke, trpe \u0161tetu koja je nenadoknadiva u ekolo\u0161kom smislu&#8221;, kazao Vuk Ikovi\u0107, biolog iz Oragnizacije KOD.<\/p>\n","protected":false},"excerpt":{"rendered":"<p>Na obali mutne rijeke Tare danas je odr\u017ean protestni skup gra\u0111ana pod motom: &#8220;Ne ubijajmo Taru&#8221; i zatra\u017eena hitna intervencija nadle\u017enih. Povod za okupljanje gra\u0111ana je \u010dinjenica da je rijeka ve\u0107 sedam dana potpuno mutna, kao i fotografije i video snimci sa gradili\u0161ta auto puta, &#8220;koji svjedo\u010de o devastaciji rijeke&#8221;, izvje\u0161tava portal Vijesti. &#8220;Niko do [&hellip;]<\/p>\n","protected":false},"author":1,"featured_media":0,"comment_status":"open","ping_status":"closed","sticky":false,"template":"","format":"standard","meta":{"_seopress_robots_primary_cat":"","_seopress_titles_title":"","_seopress_titles_desc":"","_seopress_robots_index":"","_et_pb_use_builder":"","_et_pb_old_content":"","_et_gb_content_width":"","inline_featured_image":false,"footnotes":""},"categories":[14,12],"tags":[],"class_list":["post-270238","post","type-post","status-publish","format-standard","hentry","category-vijesti","category-prica-dana"],"_links":{"self":[{"href":"https:\/\/www.pcnen.com\/portal\/wp-json\/wp\/v2\/posts\/270238","targetHints":{"allow":["GET"]}}],"collection":[{"href":"https:\/\/www.pcnen.com\/portal\/wp-json\/wp\/v2\/posts"}],"about":[{"href":"https:\/\/www.pcnen.com\/portal\/wp-json\/wp\/v2\/types\/post"}],"author":[{"embeddable":true,"href":"https:\/\/www.pcnen.com\/portal\/wp-json\/wp\/v2\/users\/1"}],"replies":[{"embeddable":true,"href":"https:\/\/www.pcnen.com\/portal\/wp-json\/wp\/v2\/comments?post=270238"}],"version-history":[{"count":0,"href":"https:\/\/www.pcnen.com\/portal\/wp-json\/wp\/v2\/posts\/270238\/revisions"}],"wp:attachment":[{"href":"https:\/\/www.pcnen.com\/portal\/wp-json\/wp\/v2\/media?parent=270238"}],"wp:term":[{"taxonomy":"category","embeddable":true,"href":"https:\/\/www.pcnen.com\/portal\/wp-json\/wp\/v2\/categories?post=270238"},{"taxonomy":"post_tag","embeddable":true,"href":"https:\/\/www.pcnen.com\/portal\/wp-json\/wp\/v2\/tags?post=270238"}],"curies":[{"name":"wp","href":"https:\/\/api.w.org\/{rel}","templated":true}]}}