{"id":270215,"date":"2019-07-21T16:09:55","date_gmt":"2019-07-21T14:09:55","guid":{"rendered":"http:\/\/www.pcnen.com\/portal\/?p=270215"},"modified":"2019-07-21T16:52:59","modified_gmt":"2019-07-21T14:52:59","slug":"gradani-i-civilni-aktivisti-usvojili-deklaraciju-o-ekoloskoj-crnoj-gori","status":"publish","type":"post","link":"https:\/\/www.pcnen.com\/portal\/2019\/07\/21\/gradani-i-civilni-aktivisti-usvojili-deklaraciju-o-ekoloskoj-crnoj-gori\/","title":{"rendered":"Gra\u0111ani i civilni aktivisti usvojili Deklaraciju o istinski ekolo\u0161koj Crnoj Gori"},"content":{"rendered":"<p><img loading=\"lazy\" decoding=\"async\" class=\"size-full wp-image-270226 aligncenter\" src=\"http:\/\/www.pcnen.com\/portal\/wp-content\/uploads\/2019\/07\/most-Donja-Bukovica.jpg\" alt=\"\" width=\"450\" height=\"338\" \/><br \/>\nNa desetine gra\u0111anskih aktivista, prestavnika NVO i gra\u0111anskih inicijativa\u00a0 su potpisali danas Deklaraciju o ekolo\u0161koj Crnoj Gori i za\u0161titi rijeke Tare, poslije vi\u0161e\u010dasovnog zbora u prirodi.<\/p>\n<p>Potpisivanju Deklaracije predhodila je akcija \u010di\u0161\u0107enja korita rijeke Bukovice, koja je po\u010dela u jutarnjim satima.<\/p>\n<p><img loading=\"lazy\" decoding=\"async\" class=\"wp-image-270224 alignleft\" src=\"http:\/\/www.pcnen.com\/portal\/wp-content\/uploads\/2019\/07\/Deklaracija.jpg\" alt=\"\" width=\"368\" height=\"348\" srcset=\"https:\/\/www.pcnen.com\/portal\/wp-content\/uploads\/2019\/07\/Deklaracija.jpg 450w, https:\/\/www.pcnen.com\/portal\/wp-content\/uploads\/2019\/07\/Deklaracija-300x283.jpg 300w, https:\/\/www.pcnen.com\/portal\/wp-content\/uploads\/2019\/07\/Deklaracija-235x222.jpg 235w, https:\/\/www.pcnen.com\/portal\/wp-content\/uploads\/2019\/07\/Deklaracija-75x71.jpg 75w, https:\/\/www.pcnen.com\/portal\/wp-content\/uploads\/2019\/07\/Deklaracija-350x331.jpg 350w, https:\/\/www.pcnen.com\/portal\/wp-content\/uploads\/2019\/07\/Deklaracija-220x208.jpg 220w\" sizes=\"(max-width: 368px) 100vw, 368px\" \/><\/p>\n<p>Aktivisti i gra\u0111ani su o\u010distili korito rijeke Bukovice od mosta u Donjoj Bukovici pa sve do Bukova. U rijeci je sme\u0107a bilo samo u blizini gradili\u0161ta gdje je planirana mini hidroelektrana.<img loading=\"lazy\" decoding=\"async\" class=\"size-medium wp-image-270219 alignright\" src=\"http:\/\/www.pcnen.com\/portal\/wp-content\/uploads\/2019\/07\/potpisivanje-Deklracije-300x225.jpg\" alt=\"\" width=\"300\" height=\"225\" srcset=\"https:\/\/www.pcnen.com\/portal\/wp-content\/uploads\/2019\/07\/potpisivanje-Deklracije.jpg 300w, https:\/\/www.pcnen.com\/portal\/wp-content\/uploads\/2019\/07\/potpisivanje-Deklracije-235x176.jpg 235w, https:\/\/www.pcnen.com\/portal\/wp-content\/uploads\/2019\/07\/potpisivanje-Deklracije-75x56.jpg 75w, https:\/\/www.pcnen.com\/portal\/wp-content\/uploads\/2019\/07\/potpisivanje-Deklracije-220x165.jpg 220w\" sizes=\"(max-width: 300px) 100vw, 300px\" \/><\/p>\n<p>Aktivisti su posjetili i lokaciju gdje je po\u010dela gradnja, koja je prekinuta zbog odlu\u010dnosti mje\u0161tana i gra\u0111anskih aktivista da sa\u010duvaju Bukovicu.<\/p>\n<p>Mje\u0161tani i civilni aktivisti su ponovili da \u0107e ovo blago pija\u0107e vode braniti \u017eivotom i da \u0107e Bukovica nastaviti da te\u010de vjekovima.<\/p>\n<p>Civilni aktivisti su obi\u0161li Bukove, gdje su se uvjerili u zna\u010daj Bukovice za ove krajeve, ali i za cijelu Crnu Goru.<\/p>\n<p><img loading=\"lazy\" decoding=\"async\" class=\"size-full wp-image-270221 aligncenter\" src=\"http:\/\/www.pcnen.com\/portal\/wp-content\/uploads\/2019\/07\/Bukovi-Bukovica.jpg\" alt=\"\" width=\"450\" height=\"600\" \/><\/p>\n<p>Voda rijeke Bukovice se mo\u017ee pitii i odli\u010dnog je kvaliteta, u \u0161ta su se danas uvjerili i civilni aktivisti.<\/p>\n<p>Ns zboru se govorilo o trenutnom ekolo\u0161kom statusu Crne Gore, kao i tome da se ne mo\u017ee i\u0107i naprijed bez umre\u017eavanja i zajedni\u010dkog djelovanja.<\/p>\n<p>Ponu\u0111ena su i brojna rje\u0161enja kako bi Crna Gora su\u0161tinski postala ekolo\u0161ka dr\u017eava i kako bi bio iskori\u0161\u0107en njen prirodni potencijal na pravi na\u010din.<\/p>\n<p><img loading=\"lazy\" decoding=\"async\" class=\"alignleft size-full wp-image-270222\" src=\"http:\/\/www.pcnen.com\/portal\/wp-content\/uploads\/2019\/07\/Druzenje.jpg\" alt=\"\" width=\"350\" height=\"263\" \/><\/p>\n<p>Mje\u0161tani su nakon zbora i potpisivanja Deklaracije, koja je otvorena za potpisivanje i ostalim NVO kao i poslanicima u crnogorskom parlamentu,\u00a0 uprili\u010dili bogatu gozbu i dru\u017eenje u dobroj atmosferi.<\/p>\n<p><em><br \/>\nVi\u0161e detalja i sadr\u017einu razgovora \u00a0o\u010dekujte kasnije,\u00a0 nakon obrade video materijala<\/em>.<\/p>\n<p>Vi\u0161e fotografija <a href=\"https:\/\/www.facebook.com\/prve.crnogorske\/\">na FB stranici PCNEN<\/a><\/p>\n<p><strong>Tekst i fotografije: Vuk Vujisi\u0107<\/strong><\/p>\n<p>&nbsp;<\/p>\n<p>&nbsp;<\/p>\n","protected":false},"excerpt":{"rendered":"<p>Na desetine gra\u0111anskih aktivista, prestavnika NVO i gra\u0111anskih inicijativa\u00a0 su potpisali danas Deklaraciju o ekolo\u0161koj Crnoj Gori i za\u0161titi rijeke Tare, poslije vi\u0161e\u010dasovnog zbora u prirodi. Potpisivanju Deklaracije predhodila je akcija \u010di\u0161\u0107enja korita rijeke Bukovice, koja je po\u010dela u jutarnjim satima. Aktivisti i gra\u0111ani su o\u010distili korito rijeke Bukovice od mosta u Donjoj Bukovici pa [&hellip;]<\/p>\n","protected":false},"author":1,"featured_media":0,"comment_status":"open","ping_status":"closed","sticky":false,"template":"","format":"standard","meta":{"_seopress_robots_primary_cat":"","_seopress_titles_title":"","_seopress_titles_desc":"","_seopress_robots_index":"","_et_pb_use_builder":"","_et_pb_old_content":"","_et_gb_content_width":"","inline_featured_image":false,"footnotes":""},"categories":[14,12],"tags":[],"class_list":["post-270215","post","type-post","status-publish","format-standard","hentry","category-vijesti","category-prica-dana"],"_links":{"self":[{"href":"https:\/\/www.pcnen.com\/portal\/wp-json\/wp\/v2\/posts\/270215","targetHints":{"allow":["GET"]}}],"collection":[{"href":"https:\/\/www.pcnen.com\/portal\/wp-json\/wp\/v2\/posts"}],"about":[{"href":"https:\/\/www.pcnen.com\/portal\/wp-json\/wp\/v2\/types\/post"}],"author":[{"embeddable":true,"href":"https:\/\/www.pcnen.com\/portal\/wp-json\/wp\/v2\/users\/1"}],"replies":[{"embeddable":true,"href":"https:\/\/www.pcnen.com\/portal\/wp-json\/wp\/v2\/comments?post=270215"}],"version-history":[{"count":0,"href":"https:\/\/www.pcnen.com\/portal\/wp-json\/wp\/v2\/posts\/270215\/revisions"}],"wp:attachment":[{"href":"https:\/\/www.pcnen.com\/portal\/wp-json\/wp\/v2\/media?parent=270215"}],"wp:term":[{"taxonomy":"category","embeddable":true,"href":"https:\/\/www.pcnen.com\/portal\/wp-json\/wp\/v2\/categories?post=270215"},{"taxonomy":"post_tag","embeddable":true,"href":"https:\/\/www.pcnen.com\/portal\/wp-json\/wp\/v2\/tags?post=270215"}],"curies":[{"name":"wp","href":"https:\/\/api.w.org\/{rel}","templated":true}]}}