{"id":270206,"date":"2019-07-21T12:31:06","date_gmt":"2019-07-21T10:31:06","guid":{"rendered":"http:\/\/www.pcnen.com\/portal\/?p=270206"},"modified":"2019-08-01T11:24:07","modified_gmt":"2019-08-01T09:24:07","slug":"zabranjen-koncert-vlada-georgieva-u-niksicu","status":"publish","type":"post","link":"https:\/\/www.pcnen.com\/portal\/2019\/07\/21\/zabranjen-koncert-vlada-georgieva-u-niksicu\/","title":{"rendered":"Zabranjen koncert Vlada Georgieva u Nik\u0161ic\u0301u"},"content":{"rendered":"<p><img loading=\"lazy\" decoding=\"async\" class=\"alignleft size-medium wp-image-250963\" src=\"http:\/\/www.pcnen.com\/portal\/wp-content\/uploads\/2018\/08\/bedem-fest-300x270.jpg\" alt=\"\" width=\"300\" height=\"270\" \/>Iako je ranije bio najavljen kao jedna od glavnih zvijezda predstojec\u0301eg Bedem festa u Nik\u0161ic\u0301u, popularni crnogorski pjeva\u010d Vlado Georgiev objavio je da ipak od njegovog nastupa nema ni\u0161ta.<\/p>\n<p>\u201eNec\u0301emo se gledati na Bedem festu u Nik\u0161ic\u0301u, iako smo svi to jako \u017eeleli. Ne pitajte mene za\u0161to, jer ja ne znam odgovor. Samo je re\u010deno \u2014 ne. I meni i organizatorima\u201c, napisao je Vlado Georgiev na Tviteru, prenose mediji.<\/p>\n<p>Organizatori Bedem festa su najavili da c\u0301e naknadno obrazlo\u017eiti zbog \u010dega je otkazan nastup pjeva\u010da.<\/p>\n<p>Georgiev je poznat kao veliki kriti\u010dar vlasti u Crnoj Gori.<\/p>\n<p>Portal IN4S spekuli\u0161e da je razlog nepodobnosti Georgijeva njegova javna podr\u0161ka opozicionom Demokratskom frontu na posljednjim izborima.<\/p>\n<p>\u201eVidimo se drugom prilikom. Hvala svima koji su htjeli da te ve\u010deri u\u017eivamo u muzici i ljubavi\u201c, napisao je Georgiev.<\/p>\n","protected":false},"excerpt":{"rendered":"<p>Iako je ranije bio najavljen kao jedna od glavnih zvijezda predstojec\u0301eg Bedem festa u Nik\u0161ic\u0301u, popularni crnogorski pjeva\u010d Vlado Georgiev objavio je da ipak od njegovog nastupa nema ni\u0161ta. \u201eNec\u0301emo se gledati na Bedem festu u Nik\u0161ic\u0301u, iako smo svi to jako \u017eeleli. Ne pitajte mene za\u0161to, jer ja ne znam odgovor. Samo je re\u010deno [&hellip;]<\/p>\n","protected":false},"author":1,"featured_media":0,"comment_status":"open","ping_status":"closed","sticky":false,"template":"","format":"standard","meta":{"_seopress_robots_primary_cat":"","_seopress_titles_title":"","_seopress_titles_desc":"","_seopress_robots_index":"","_et_pb_use_builder":"","_et_pb_old_content":"","_et_gb_content_width":"","inline_featured_image":false,"footnotes":""},"categories":[14,12],"tags":[],"class_list":["post-270206","post","type-post","status-publish","format-standard","hentry","category-vijesti","category-prica-dana"],"_links":{"self":[{"href":"https:\/\/www.pcnen.com\/portal\/wp-json\/wp\/v2\/posts\/270206","targetHints":{"allow":["GET"]}}],"collection":[{"href":"https:\/\/www.pcnen.com\/portal\/wp-json\/wp\/v2\/posts"}],"about":[{"href":"https:\/\/www.pcnen.com\/portal\/wp-json\/wp\/v2\/types\/post"}],"author":[{"embeddable":true,"href":"https:\/\/www.pcnen.com\/portal\/wp-json\/wp\/v2\/users\/1"}],"replies":[{"embeddable":true,"href":"https:\/\/www.pcnen.com\/portal\/wp-json\/wp\/v2\/comments?post=270206"}],"version-history":[{"count":0,"href":"https:\/\/www.pcnen.com\/portal\/wp-json\/wp\/v2\/posts\/270206\/revisions"}],"wp:attachment":[{"href":"https:\/\/www.pcnen.com\/portal\/wp-json\/wp\/v2\/media?parent=270206"}],"wp:term":[{"taxonomy":"category","embeddable":true,"href":"https:\/\/www.pcnen.com\/portal\/wp-json\/wp\/v2\/categories?post=270206"},{"taxonomy":"post_tag","embeddable":true,"href":"https:\/\/www.pcnen.com\/portal\/wp-json\/wp\/v2\/tags?post=270206"}],"curies":[{"name":"wp","href":"https:\/\/api.w.org\/{rel}","templated":true}]}}