{"id":270173,"date":"2019-07-20T20:53:49","date_gmt":"2019-07-20T18:53:49","guid":{"rendered":"http:\/\/www.pcnen.com\/portal\/?p=270173"},"modified":"2019-07-20T20:53:49","modified_gmt":"2019-07-20T18:53:49","slug":"suncano-i-veoma-toplo-16","status":"publish","type":"post","link":"https:\/\/www.pcnen.com\/portal\/2019\/07\/20\/suncano-i-veoma-toplo-16\/","title":{"rendered":"Sun\u010dano i veoma toplo"},"content":{"rendered":"<p><img loading=\"lazy\" decoding=\"async\" class=\"alignleft  wp-image-182261\" src=\"http:\/\/www.pcnen.com\/portal\/wp-content\/uploads\/2015\/06\/More-kod-Budve-450x280.jpg\" alt=\"\" width=\"317\" height=\"197\" \/>Sun\u010dano i veoma toplo bi\u0107e u nedjelju u Crnoj Gori, uz slab do umjeren razvoj dnevne obla\u010dnosti.<\/p>\n<p>Na sjeveru zemlje ujutru \u0107e ponegdje po kotlinama biti magla.<\/p>\n<p>Duva\u0107e uglavnom sa juga i zapada slabo do umjereno jako.<\/p>\n<p>Jutarnja temperatura vazduha bi\u0107e u rasponu od 9 do 21, a najvi\u0161a dnevna od 27 do 36 stepeni.<\/p>\n<p>U Podgorici \u0107e biti prete\u017eno sun\u010dano i veoma toplo. Vjetar ju\u017eni i jugoisto\u010dni bi\u0107e slab do umjeren. \u00a0Jutarnja temperatura vazduha bi\u0107e oko 21, a najvi\u0161a dnevna do 36 stepeni.<\/p>\n<p><a href=\"http:\/\/www.meteo.co.me\/misc.php?text=121&amp;sektor=1&amp;grad=KOL\">Prognoza za ostale\u00a0 gradove.<\/a><\/p>\n","protected":false},"excerpt":{"rendered":"<p>Duva\u0107e uglavnom sa juga i zapada slabo do umjereno jako<\/p>\n","protected":false},"author":1,"featured_media":0,"comment_status":"open","ping_status":"closed","sticky":false,"template":"","format":"standard","meta":{"_seopress_robots_primary_cat":"","_seopress_titles_title":"","_seopress_titles_desc":"","_seopress_robots_index":"","_et_pb_use_builder":"","_et_pb_old_content":"","_et_gb_content_width":"","inline_featured_image":false,"footnotes":""},"categories":[14,12],"tags":[],"class_list":["post-270173","post","type-post","status-publish","format-standard","hentry","category-vijesti","category-prica-dana"],"_links":{"self":[{"href":"https:\/\/www.pcnen.com\/portal\/wp-json\/wp\/v2\/posts\/270173","targetHints":{"allow":["GET"]}}],"collection":[{"href":"https:\/\/www.pcnen.com\/portal\/wp-json\/wp\/v2\/posts"}],"about":[{"href":"https:\/\/www.pcnen.com\/portal\/wp-json\/wp\/v2\/types\/post"}],"author":[{"embeddable":true,"href":"https:\/\/www.pcnen.com\/portal\/wp-json\/wp\/v2\/users\/1"}],"replies":[{"embeddable":true,"href":"https:\/\/www.pcnen.com\/portal\/wp-json\/wp\/v2\/comments?post=270173"}],"version-history":[{"count":0,"href":"https:\/\/www.pcnen.com\/portal\/wp-json\/wp\/v2\/posts\/270173\/revisions"}],"wp:attachment":[{"href":"https:\/\/www.pcnen.com\/portal\/wp-json\/wp\/v2\/media?parent=270173"}],"wp:term":[{"taxonomy":"category","embeddable":true,"href":"https:\/\/www.pcnen.com\/portal\/wp-json\/wp\/v2\/categories?post=270173"},{"taxonomy":"post_tag","embeddable":true,"href":"https:\/\/www.pcnen.com\/portal\/wp-json\/wp\/v2\/tags?post=270173"}],"curies":[{"name":"wp","href":"https:\/\/api.w.org\/{rel}","templated":true}]}}