{"id":270154,"date":"2019-07-20T11:27:11","date_gmt":"2019-07-20T09:27:11","guid":{"rendered":"http:\/\/www.pcnen.com\/portal\/?p=270154"},"modified":"2019-07-20T12:44:32","modified_gmt":"2019-07-20T10:44:32","slug":"darmanovic-spc-politicki-pa-onda-vjerski-cinilac-u-cg","status":"publish","type":"post","link":"https:\/\/www.pcnen.com\/portal\/2019\/07\/20\/darmanovic-spc-politicki-pa-onda-vjerski-cinilac-u-cg\/","title":{"rendered":"Darmanovi\u0107: SPC politi\u010dki pa onda vjerski \u010dinilac u CG"},"content":{"rendered":"<p><img loading=\"lazy\" decoding=\"async\" src=\"http:\/\/www.pcnen.com\/portal\/wp-content\/uploads\/2017\/02\/srdjan-darmanovic.jpg\" alt=\"\" width=\"300\" height=\"227\" class=\"alignleft size-full wp-image-221690\" \/>Srpska pravoslavna crkva (SPC) u Crnoj Gori se pla\u0161i gubitka nekih monopola u nekim stvarima, i nikakvog bezakonja i otimanja imovine ne\u0107e bit, \u0161to garantuju odredbe predlo\u017eenog zakona o slobodi vjeroispovijesti, rekao je \u0161ef crnogorske diplomatije Sr\u0111an Darmanovi\u0107 za Glas Amerike. <\/p>\n<p>On je podsjetio da je zakon nai\u0161ao na prihvatanje svih vjerskih zajednica u Crnoj Gori, osim Srpske pravoslavne crkve, koja naro\u010dito potencira pitanje imovine.<\/p>\n<p>&#8220;Nacrt toga zakona nai\u0161ao je na pozitivno mi\u0161ljenje Venecijanske komisije uz odre\u0111enje prijedloge. Moram da ka\u017eem, jer sam i sam \u010dlan tog tijela, da Venecijanska komisija nikada ne bi prihvatila zakonski tekst koji bi bio u suprotnosti sa evropskim standardima. Ili pak koji bi mogao biti oboren pred Evropskim sudom za ljudska prava. Ozbiljni ljudi su se time bavili. I mislim da nema opasnosti koje potencira Srpska pravoslavna crkva u Crnoj Gori. Mislim da je ne\u0161to drugo posrijedi \u2013 da se SPC pla\u0161i gubitka nekih monopola u nekim stvarima. Nikakvog bezakonja i otimanja imovine ne\u0107e biti i to garantuju odredbe zakona&#8221;, rekao je Darmanovi\u0107.<\/p>\n<p>On smatra da se radi o tome da \u0107e dr\u017eava odrediti koja \u0107e kulturna dobra Crne Gore do\u0107i pod dr\u017eavnu imovinu.<\/p>\n<p>&#8220;Ali \u0107e kori\u0161\u0107enje ostati isto. Postoji interesantan dokument o hramu Svetog Save u Beogradu. Korisnik je Srpska pravoslavna crkva a vlasnik dr\u017eava. U Crnoj Gori se ni\u0161ta druga\u010dije ne\u0107e desiti sem takvog modela koji je uobi\u010dajen&#8221;, rekao je ministar vanjskih poslova, prenosi RTCG.<\/p>\n<p>Na pitanje kako uti\u010de na odnose Srbije i Crne Gore i kako \u0107e uticati, Darmanovi\u0107 je rekao: &#8220;Na na\u0161e odnose ne\u0107e posebno uticati \u2013 sem ukoliko ne bude dodatnih problema izme\u0111u SPC i crnogorske dr\u017eave&#8221;.<\/p>\n<p>Govore\u0107i o tome da li se ovo pitanje politizuje, Darmanovi\u0107 je odgovorio da je SPC &#8220;prije svega politi\u010dki \u010dinilac u Crnoj Gori pa onda vjerski&#8221;.<\/p>\n<p>&#8220;Ali mislim da i crkveni velikodostojnici shvataju da ne\u0107e biti onoga o \u010demu oni govore. Da je to prili\u010dno isforsirano. Da \u0107e se dijalog vratiti u neke racionalnije okvire&#8221;, rekao je Darmanovi\u0107.<\/p>\n","protected":false},"excerpt":{"rendered":"<p>Srpska pravoslavna crkva (SPC) u Crnoj Gori se pla\u0161i gubitka nekih monopola u nekim stvarima, i nikakvog bezakonja i otimanja imovine ne\u0107e bit, \u0161to garantuju odredbe predlo\u017eenog zakona o slobodi vjeroispovijesti, rekao je \u0161ef crnogorske diplomatije Sr\u0111an Darmanovi\u0107 za Glas Amerike. On je podsjetio da je zakon nai\u0161ao na prihvatanje svih vjerskih zajednica u Crnoj [&hellip;]<\/p>\n","protected":false},"author":1,"featured_media":0,"comment_status":"open","ping_status":"closed","sticky":false,"template":"","format":"standard","meta":{"_seopress_robots_primary_cat":"","_seopress_titles_title":"","_seopress_titles_desc":"","_seopress_robots_index":"","_et_pb_use_builder":"","_et_pb_old_content":"","_et_gb_content_width":"","inline_featured_image":false,"footnotes":""},"categories":[14,12],"tags":[],"class_list":["post-270154","post","type-post","status-publish","format-standard","hentry","category-vijesti","category-prica-dana"],"_links":{"self":[{"href":"https:\/\/www.pcnen.com\/portal\/wp-json\/wp\/v2\/posts\/270154","targetHints":{"allow":["GET"]}}],"collection":[{"href":"https:\/\/www.pcnen.com\/portal\/wp-json\/wp\/v2\/posts"}],"about":[{"href":"https:\/\/www.pcnen.com\/portal\/wp-json\/wp\/v2\/types\/post"}],"author":[{"embeddable":true,"href":"https:\/\/www.pcnen.com\/portal\/wp-json\/wp\/v2\/users\/1"}],"replies":[{"embeddable":true,"href":"https:\/\/www.pcnen.com\/portal\/wp-json\/wp\/v2\/comments?post=270154"}],"version-history":[{"count":0,"href":"https:\/\/www.pcnen.com\/portal\/wp-json\/wp\/v2\/posts\/270154\/revisions"}],"wp:attachment":[{"href":"https:\/\/www.pcnen.com\/portal\/wp-json\/wp\/v2\/media?parent=270154"}],"wp:term":[{"taxonomy":"category","embeddable":true,"href":"https:\/\/www.pcnen.com\/portal\/wp-json\/wp\/v2\/categories?post=270154"},{"taxonomy":"post_tag","embeddable":true,"href":"https:\/\/www.pcnen.com\/portal\/wp-json\/wp\/v2\/tags?post=270154"}],"curies":[{"name":"wp","href":"https:\/\/api.w.org\/{rel}","templated":true}]}}