{"id":270101,"date":"2019-07-19T14:54:18","date_gmt":"2019-07-19T12:54:18","guid":{"rendered":"http:\/\/www.pcnen.com\/portal\/?p=270101"},"modified":"2019-07-19T14:55:56","modified_gmt":"2019-07-19T12:55:56","slug":"anketa-bicikla-me-o-uslovima-za-voznju-biciklom-u-podgorici","status":"publish","type":"post","link":"https:\/\/www.pcnen.com\/portal\/2019\/07\/19\/anketa-bicikla-me-o-uslovima-za-voznju-biciklom-u-podgorici\/","title":{"rendered":"Anketa o uslovima za vo\u017enju biciklom u Podgorici"},"content":{"rendered":"<div id=\"attachment_72883\" style=\"width: 460px\" class=\"wp-caption alignleft\"><img loading=\"lazy\" decoding=\"async\" aria-describedby=\"caption-attachment-72883\" class=\"size-large wp-image-72883\" src=\"http:\/\/www.pcnen.com\/portal\/wp-content\/uploads\/2012\/01\/Biciklisti-Podgorica-450x273.jpg\" alt=\"\" width=\"450\" height=\"273\" \/><p id=\"caption-attachment-72883\" class=\"wp-caption-text\">Crirical mass, arhivski snimak<\/p><\/div>\n<p>Nevladino udru\u017eenje Biciklo.me <a href=\"https:\/\/docs.google.com\/forms\/d\/e\/1FAIpQLSdfqAPjg1UmrRtYAEZmZzRTyHYPCtqpCciFfDqpJFuOTD54sA\/viewform\">sprovodi online anketu o uslovima za vo\u017enju biciklom u Podgorici<\/a>, glavnom gradu Crne Gore.<\/p>\n<p>Anketa se koristi radi prikupljanja podataka u okviru pripreme Plana odr\u017eive urbane mobilnosti.<\/p>\n<p>\u201cVa\u0161e mi\u0161ljenje je veoma va\u017eno, jer c\u0301e se rezultati istra\u017eivanja koristiti za pobolj\u0161anje uslova za svakodnevnu vo\u017enju biciklom. Anketa je anonimna, svi podaci c\u0301e biti kori\u0161\u0107eni samo u istra\u017eiva\u010dke svrhe\u201d, poru\u010duju iz Bicikla.me.<\/p>\n<p><a href=\"https:\/\/biciklo.me\/o-nama\/\">Biciklo.me je aktivno du\u017ee od pet godina<\/a> i zaslu\u017eno je za afirmaciju bicikla kao alternativnog gradskog javnog prevoza u Podgorici i u Crnoj Gori.<\/p>\n","protected":false},"excerpt":{"rendered":"<p>Anketa se koristi radi prikupljanja podataka u okviru pripreme Plana odr\u017eive urbane mobilnosti<\/p>\n","protected":false},"author":1,"featured_media":0,"comment_status":"open","ping_status":"closed","sticky":false,"template":"","format":"standard","meta":{"_seopress_robots_primary_cat":"","_seopress_titles_title":"","_seopress_titles_desc":"","_seopress_robots_index":"","_et_pb_use_builder":"","_et_pb_old_content":"","_et_gb_content_width":"","inline_featured_image":false,"footnotes":""},"categories":[14,12],"tags":[],"class_list":["post-270101","post","type-post","status-publish","format-standard","hentry","category-vijesti","category-prica-dana"],"_links":{"self":[{"href":"https:\/\/www.pcnen.com\/portal\/wp-json\/wp\/v2\/posts\/270101","targetHints":{"allow":["GET"]}}],"collection":[{"href":"https:\/\/www.pcnen.com\/portal\/wp-json\/wp\/v2\/posts"}],"about":[{"href":"https:\/\/www.pcnen.com\/portal\/wp-json\/wp\/v2\/types\/post"}],"author":[{"embeddable":true,"href":"https:\/\/www.pcnen.com\/portal\/wp-json\/wp\/v2\/users\/1"}],"replies":[{"embeddable":true,"href":"https:\/\/www.pcnen.com\/portal\/wp-json\/wp\/v2\/comments?post=270101"}],"version-history":[{"count":0,"href":"https:\/\/www.pcnen.com\/portal\/wp-json\/wp\/v2\/posts\/270101\/revisions"}],"wp:attachment":[{"href":"https:\/\/www.pcnen.com\/portal\/wp-json\/wp\/v2\/media?parent=270101"}],"wp:term":[{"taxonomy":"category","embeddable":true,"href":"https:\/\/www.pcnen.com\/portal\/wp-json\/wp\/v2\/categories?post=270101"},{"taxonomy":"post_tag","embeddable":true,"href":"https:\/\/www.pcnen.com\/portal\/wp-json\/wp\/v2\/tags?post=270101"}],"curies":[{"name":"wp","href":"https:\/\/api.w.org\/{rel}","templated":true}]}}