{"id":270084,"date":"2019-07-19T10:26:50","date_gmt":"2019-07-19T08:26:50","guid":{"rendered":"http:\/\/www.pcnen.com\/portal\/?p=270084"},"modified":"2019-07-19T10:26:50","modified_gmt":"2019-07-19T08:26:50","slug":"mans-tara-ponovo-napadnuta","status":"publish","type":"post","link":"https:\/\/www.pcnen.com\/portal\/2019\/07\/19\/mans-tara-ponovo-napadnuta\/","title":{"rendered":"MANS: Tara ponovo napadnuta"},"content":{"rendered":"<p><img loading=\"lazy\" decoding=\"async\" src=\"http:\/\/www.pcnen.com\/portal\/wp-content\/uploads\/2019\/07\/tara-zamucena.jpg\" alt=\"\" width=\"318\" height=\"220\" class=\"alignleft size-full wp-image-270085\" \/>Nizvodno od gradili\u0161ta Mate\u0161evske petlje auto-puta terenska ekipa Mre\u017ee za afirmaciju nevladinog sektora (MANS) registrovala je novo zaga\u0111enje rijeke Tare.<\/p>\n<p>Rijeka je u potpunosti zamu\u0107ena, \u0161to je jo\u0161 jedan u nizu ekolo\u0161kih incidenata koji su se desili u posljednje vrijeme, a koji se povezuju sa izvo\u0111enjem radova na auto-putu.<\/p>\n<p>MANS ve\u0107 mjesecima u kontinuitetu upozorava da je odgovor dr\u017eavnih organa na pona\u0161anje kineskog CRBC-a i podizvo\u0111a\u0107a u potpunosti neadekvatan, te da dosada\u0161nji nadzor ne daje pravu sliku o tome \u0161ta se de\u0161ava na rijeci ali i da kaznena politika apsolutno nikoga ne odvra\u0107a od nastavka njenog devastiranja,<a href=\"http:\/\/www.mans.co.me\/tara-ponovo-napadnuta-gradani-da-traze-odgovornost-ministra-radulovica\/\"> pi\u0161e na sajtu ove NVO.<\/a><\/p>\n<p>MANS je u srijedu u saradnji sa ekolo\u0161kim organizacijama od Skup\u0161tine Crne Gore zatra\u017eio kontrolno saslu\u0161anje ministara odr\u017eivog razvoja turizma i saobra\u0107aja i pomorstva Pavla Radulovi\u0107a i Osmana Nurkovi\u0107a zbog, kako su istakli, ignorantskog odnosa prema o\u010diglednom kr\u0161enju zakona koje se ve\u0107 mjesecima de\u0161ava na gradili\u0161tima auto-puta uz korito rijeke Tare.<\/p>\n<p>MANS ovim putem poziva i gra\u0111ane koji su zabrinuti zbog gotovo svakodnevne devastacije Tare da iskoriste novi mehanizam koji je MANS predstavio nedavno, a koji omogu\u0107ava gra\u0111anima da izvr\u0161e pritisak na Skup\u0161tinu Crne Gore, i da zajedno sa NVO iniciraju kontrolno saslu\u0161anje ministara Radulovi\u0107a i Nurkovi\u0107a.. Kroz mobilnu aplikaciju \u201cPitajte poslanike\u201c, gra\u0111ani imaju priliku da se uklju\u010de u kampanju za za\u0161titu rijeke Tare!<\/p>\n<p>Iz MANS podsje\u0107aju da je i posljedni <a href=\"http:\/\/www.pcnen.com\/portal\/2019\/06\/10\/unesco-potvrdio-devastaciju-rijeke-tare\/\">izvje\u0161taj Komiteta UNESCO-a <\/a>potvdio nalaze monitoring misije iz novembra pro\u0161le godine da izgradnja auto-puta ima ozbiljan uticaj na rijeku Taru, te da je potrebna ozbiljan odgovor dr\u017eave na taj problem.<\/p>\n<p>Ministarstvo odr\u017eivog razvoja i turizma do sada nije komentarisalo nalaze UNESCO-a.<\/p>\n<p>Ovakva ocjena UNESCO-a dolazi nakon \u0161to su i Evropska komisija i Evropski parlament u svojim izvje\u0161tajima za Crnu Goru prepoznali poguban uticaj izgradnje auto-puta Bar-Boljare na rijeku i zahtijevali hitno sprovo\u0111enje mjera za saniranje devastacije.<\/p>\n","protected":false},"excerpt":{"rendered":"<p>Nizvodno od gradili\u0161ta Mate\u0161evske petlje auto-puta terenska ekipa Mre\u017ee za afirmaciju nevladinog sektora (MANS) registrovala je novo zaga\u0111enje rijeke Tare. Rijeka je u potpunosti zamu\u0107ena, \u0161to je jo\u0161 jedan u nizu ekolo\u0161kih incidenata koji su se desili u posljednje vrijeme, a koji se povezuju sa izvo\u0111enjem radova na auto-putu. MANS ve\u0107 mjesecima u kontinuitetu upozorava [&hellip;]<\/p>\n","protected":false},"author":1,"featured_media":0,"comment_status":"open","ping_status":"closed","sticky":false,"template":"","format":"standard","meta":{"_seopress_robots_primary_cat":"","_seopress_titles_title":"","_seopress_titles_desc":"","_seopress_robots_index":"","_et_pb_use_builder":"","_et_pb_old_content":"","_et_gb_content_width":"","inline_featured_image":false,"footnotes":""},"categories":[14,12],"tags":[],"class_list":["post-270084","post","type-post","status-publish","format-standard","hentry","category-vijesti","category-prica-dana"],"_links":{"self":[{"href":"https:\/\/www.pcnen.com\/portal\/wp-json\/wp\/v2\/posts\/270084","targetHints":{"allow":["GET"]}}],"collection":[{"href":"https:\/\/www.pcnen.com\/portal\/wp-json\/wp\/v2\/posts"}],"about":[{"href":"https:\/\/www.pcnen.com\/portal\/wp-json\/wp\/v2\/types\/post"}],"author":[{"embeddable":true,"href":"https:\/\/www.pcnen.com\/portal\/wp-json\/wp\/v2\/users\/1"}],"replies":[{"embeddable":true,"href":"https:\/\/www.pcnen.com\/portal\/wp-json\/wp\/v2\/comments?post=270084"}],"version-history":[{"count":0,"href":"https:\/\/www.pcnen.com\/portal\/wp-json\/wp\/v2\/posts\/270084\/revisions"}],"wp:attachment":[{"href":"https:\/\/www.pcnen.com\/portal\/wp-json\/wp\/v2\/media?parent=270084"}],"wp:term":[{"taxonomy":"category","embeddable":true,"href":"https:\/\/www.pcnen.com\/portal\/wp-json\/wp\/v2\/categories?post=270084"},{"taxonomy":"post_tag","embeddable":true,"href":"https:\/\/www.pcnen.com\/portal\/wp-json\/wp\/v2\/tags?post=270084"}],"curies":[{"name":"wp","href":"https:\/\/api.w.org\/{rel}","templated":true}]}}