{"id":270062,"date":"2019-07-18T21:25:23","date_gmt":"2019-07-18T19:25:23","guid":{"rendered":"http:\/\/www.pcnen.com\/portal\/?p=270062"},"modified":"2019-12-27T18:45:34","modified_gmt":"2019-12-27T17:45:34","slug":"pocelo-ispitivanje-povezanosti-cijevne-sa-izvoristem-bolje-sestre","status":"publish","type":"post","link":"https:\/\/www.pcnen.com\/portal\/2019\/07\/18\/pocelo-ispitivanje-povezanosti-cijevne-sa-izvoristem-bolje-sestre\/","title":{"rendered":"Po\u010delo ispitivanje povezanosti Cijevne sa izvori\u0161tem Bolje sestre"},"content":{"rendered":"<p>Crnogorsko Ministarstvo poljoprivrede i ruralnog razvoja, u saradnji sa Geolo\u0161kim i Hidrometeorolo\u0161kim zavodima, je zapo\u010delo ispitivanje povezanosti podzemnih voda rijeke Cijevne sa obodnim izvorima, kao i izvori\u0161tem \u2018Bolje sestre\u2019, saop\u0161teno je iz ovog ministarstva.<\/p>\n<p>\u201cOva aktivnost definisna je kao jedna od obaveza na nedavno odr\u017eanom prvom sastanku Savjeta za vode koji je formirala Vlada sa zadatkom da kao savjetodavno i stru\u010dno tijelo doprinese realizaciji politika u oblasti vodoprivrede u cilju o\u010duvanja i odr\u017eivog upravljanja vodama u Crnoj Gori, kao i rje\u0161avanju brojnih lokalnih i globalnih izazova u oblasti voda\u201d, re\u010deno je u saop\u0161tenju.<\/p>\n<p>Ministarstvo je zamolilo gra\u0111ane ovog podru\u010dja da ukoliko primijete da se na privatnim bunarima pojavila \u2018obojena voda\u2019 o tome obavijeste Direktorat za vodoprivredu Ministarstva poljoprivredena (kontakt tel. 020 482 108 od 7,00h do 16,00h ili e-mail adresu momcilo.blagojevic@mpr.gov.me), ili Geolo\u0161ki zavod(radojevic.d@geozavod.co.me)<\/p>\n<p>\u201cPonavljamo da nema mjesta bojazni po kvalitet i bezbjednost vode, jer je unijeta supstanca bezopasna i po \u017eiva bi\u0107a i \u017eivotnu sredinu i brzo se razgra\u0111uje\u201d, napomenuto je u saop\u0161tenju.<\/p>\n<p>Ministarstvo je najavilo sli\u010dna istra\u017eivanja i na drugim lokacijama u Crnoj Gori u narednom period, uz podsje\u0107anje da su ovakva istra\u017eivanja u Crnoj Gori ra\u0111ena 80-tih godina i nikada nijesu zavr\u0161ena sistemati\u010dno i na na\u010din kako je to sada zapo\u010deto. \u201cPlan je da se mapiraju sve podzemne vode u Crnoj Gori, kako bi se moglo sa sigurno\u0161\u0107u ukazati na veze podzemnih voda i preventivno raditi na njihovoj za\u0161titi, kao najva\u017enijem prirodnom resursu u Crnoj Gori, \u0161to potkrepljuje i \u010dinjenica da 92% stanovni\u0161tva koristi ovaj resurs za vodosnabdijevanje\u201d.<\/p>\n","protected":false},"excerpt":{"rendered":"<p>Plan je da se mapiraju sve podzemne vode u Crnoj Gori<\/p>\n","protected":false},"author":1,"featured_media":0,"comment_status":"open","ping_status":"closed","sticky":false,"template":"","format":"standard","meta":{"_seopress_robots_primary_cat":"","_seopress_titles_title":"","_seopress_titles_desc":"","_seopress_robots_index":"","_et_pb_use_builder":"","_et_pb_old_content":"","_et_gb_content_width":"","inline_featured_image":false,"footnotes":""},"categories":[14,12],"tags":[],"class_list":["post-270062","post","type-post","status-publish","format-standard","hentry","category-vijesti","category-prica-dana"],"_links":{"self":[{"href":"https:\/\/www.pcnen.com\/portal\/wp-json\/wp\/v2\/posts\/270062","targetHints":{"allow":["GET"]}}],"collection":[{"href":"https:\/\/www.pcnen.com\/portal\/wp-json\/wp\/v2\/posts"}],"about":[{"href":"https:\/\/www.pcnen.com\/portal\/wp-json\/wp\/v2\/types\/post"}],"author":[{"embeddable":true,"href":"https:\/\/www.pcnen.com\/portal\/wp-json\/wp\/v2\/users\/1"}],"replies":[{"embeddable":true,"href":"https:\/\/www.pcnen.com\/portal\/wp-json\/wp\/v2\/comments?post=270062"}],"version-history":[{"count":1,"href":"https:\/\/www.pcnen.com\/portal\/wp-json\/wp\/v2\/posts\/270062\/revisions"}],"predecessor-version":[{"id":280850,"href":"https:\/\/www.pcnen.com\/portal\/wp-json\/wp\/v2\/posts\/270062\/revisions\/280850"}],"wp:attachment":[{"href":"https:\/\/www.pcnen.com\/portal\/wp-json\/wp\/v2\/media?parent=270062"}],"wp:term":[{"taxonomy":"category","embeddable":true,"href":"https:\/\/www.pcnen.com\/portal\/wp-json\/wp\/v2\/categories?post=270062"},{"taxonomy":"post_tag","embeddable":true,"href":"https:\/\/www.pcnen.com\/portal\/wp-json\/wp\/v2\/tags?post=270062"}],"curies":[{"name":"wp","href":"https:\/\/api.w.org\/{rel}","templated":true}]}}