{"id":270060,"date":"2019-07-18T21:10:27","date_gmt":"2019-07-18T19:10:27","guid":{"rendered":"http:\/\/www.pcnen.com\/portal\/?p=270060"},"modified":"2019-07-18T21:10:27","modified_gmt":"2019-07-18T19:10:27","slug":"pretezno-suncano-122","status":"publish","type":"post","link":"https:\/\/www.pcnen.com\/portal\/2019\/07\/18\/pretezno-suncano-122\/","title":{"rendered":"Prete\u017eno sun\u010dano"},"content":{"rendered":"<p><img loading=\"lazy\" decoding=\"async\" class=\"alignleft size-medium wp-image-209206\" src=\"http:\/\/www.pcnen.com\/portal\/wp-content\/uploads\/2016\/07\/Boka-300x181.jpg\" alt=\"\" width=\"300\" height=\"181\" \/>U petak \u0107e biti prete\u017eno sun\u010dano, uz slab do umjeren razvoj dnevne obla\u010dnosti.<\/p>\n<p>Na sjeveru Crne Gore \u0107e ujutru biti magla po kotlinama.<\/p>\n<p>Prvenstveno u sjevernim krajevima i planinskom zale\u0111u Boke, popodne \u0107e ponegdje kratkotrajno zaki\u0161iti ili pljusnuti uz grmljavinu.<\/p>\n<p>Vjetar promjenljivog smjera bi\u0107e slab do umjeren.<\/p>\n<p>Jutarnja temperatura vazduha bi\u0107e u rasponu od 8 do 21, a najvi\u0161a dnevna od 23 do 34 stepena.<\/p>\n<p>U Podgorici \u0107e biti prete\u017eno sun\u010dano, uz umjeren razvoj dnevne obla\u010dnosti. Vjetar promjenljivog smjera bi\u0107e slab do umjeren. \u00a0Jutarnja temperatura vazduha bi\u0107e oko 20, a najvi\u0161a dnevna do 34 stepena.<\/p>\n<p><a href=\"http:\/\/www.meteo.co.me\/misc.php?text=121&amp;sektor=1&amp;grad=KOT\">Prognoza za ostale gradove.<\/a><\/p>\n","protected":false},"excerpt":{"rendered":"<p>Ppopodne \u0107e ponegdje kratkotrajno zaki\u0161iti ili pljusnuti uz grmljavinu, prvenstveno u sjevernim krajevima i planinskom zale\u0111u Boke<\/p>\n","protected":false},"author":1,"featured_media":0,"comment_status":"open","ping_status":"closed","sticky":false,"template":"","format":"standard","meta":{"_seopress_robots_primary_cat":"","_seopress_titles_title":"","_seopress_titles_desc":"","_seopress_robots_index":"","_et_pb_use_builder":"","_et_pb_old_content":"","_et_gb_content_width":"","inline_featured_image":false,"footnotes":""},"categories":[14,12],"tags":[],"class_list":["post-270060","post","type-post","status-publish","format-standard","hentry","category-vijesti","category-prica-dana"],"_links":{"self":[{"href":"https:\/\/www.pcnen.com\/portal\/wp-json\/wp\/v2\/posts\/270060","targetHints":{"allow":["GET"]}}],"collection":[{"href":"https:\/\/www.pcnen.com\/portal\/wp-json\/wp\/v2\/posts"}],"about":[{"href":"https:\/\/www.pcnen.com\/portal\/wp-json\/wp\/v2\/types\/post"}],"author":[{"embeddable":true,"href":"https:\/\/www.pcnen.com\/portal\/wp-json\/wp\/v2\/users\/1"}],"replies":[{"embeddable":true,"href":"https:\/\/www.pcnen.com\/portal\/wp-json\/wp\/v2\/comments?post=270060"}],"version-history":[{"count":0,"href":"https:\/\/www.pcnen.com\/portal\/wp-json\/wp\/v2\/posts\/270060\/revisions"}],"wp:attachment":[{"href":"https:\/\/www.pcnen.com\/portal\/wp-json\/wp\/v2\/media?parent=270060"}],"wp:term":[{"taxonomy":"category","embeddable":true,"href":"https:\/\/www.pcnen.com\/portal\/wp-json\/wp\/v2\/categories?post=270060"},{"taxonomy":"post_tag","embeddable":true,"href":"https:\/\/www.pcnen.com\/portal\/wp-json\/wp\/v2\/tags?post=270060"}],"curies":[{"name":"wp","href":"https:\/\/api.w.org\/{rel}","templated":true}]}}