{"id":270046,"date":"2019-07-18T15:25:09","date_gmt":"2019-07-18T13:25:09","guid":{"rendered":"http:\/\/www.pcnen.com\/portal\/?p=270046"},"modified":"2019-07-18T15:25:09","modified_gmt":"2019-07-18T13:25:09","slug":"sin-sutkinje-mugose-u-saj-u","status":"publish","type":"post","link":"https:\/\/www.pcnen.com\/portal\/2019\/07\/18\/sin-sutkinje-mugose-u-saj-u\/","title":{"rendered":"Sin sutkinje Mugo\u0161e u SAJ-u"},"content":{"rendered":"<p><img loading=\"lazy\" decoding=\"async\" class=\"alignleft size-full wp-image-129543\" src=\"http:\/\/www.pcnen.com\/portal\/wp-content\/uploads\/2013\/11\/logo_SAJ.png\" alt=\"\" width=\"285\" height=\"285\" \/>Ministar unutra\u0161njih poslova Crne Gore Melvudin Nuhod\u017ei\u0107 je potvrdio danas u parlamentu da sin sutkinje podgri\u010dkog Vi\u0161eg suda Suzane Mugo\u0161e anga\u017eovan na poslovima logistike u Specijalnoj antiteroristi\u010dkoj jedinici (SAJ) MUP Crne Gore.<\/p>\n<p>Mugo\u0161a je, ina\u010de, predsjedavala Sudskim vije\u0107em\u00a0 koje je<a href=\"http:\/\/www.pcnen.com\/portal\/2019\/05\/09\/mandic-i-knezevic-osudeni-na-po-pet-godina-zatvora\/\"> nepravosna\u017eno osudilo na vi\u0161egodi\u0161nju robiju<\/a> dvojicu lidera opozicionog Demokratskog fronta Andriju Mandi\u0107a i Milana Kne\u017eevi\u0107a zbog u\u010de\u0161\u0107a u navodnom pokup\u0161aju nasilne promjene vlasti u Crnoj Gori.<\/p>\n<p>Ministar Nuhod\u017ei\u0107 je pojasnio, odgovaraju\u0107i na pitanje osu\u0111enog poslanika Milana Kne\u017eevi\u0107a, da je sin sudkinje Mugo\u0161e u februaru 2019. upu\u0107en na program za osposobljavanje i edukaciju za odrasle, i da nije stalno zaposlen u SAJ-u.<\/p>\n<p>Kne\u017eevi\u0107 je zaposlenje sina sutkinje Mugo\u0161e doveo u vezu sa njenim anga\u017emanom u sudskom procesu u kome je on osu\u0111en.<\/p>\n","protected":false},"excerpt":{"rendered":"<p>Ministar potvrdio da je sin sudkinje Mugo\u0161e u februaru 2019. upu\u0107en na program za osposobljavanje i edukaciju za odrasle<\/p>\n","protected":false},"author":1,"featured_media":0,"comment_status":"open","ping_status":"closed","sticky":false,"template":"","format":"standard","meta":{"_seopress_robots_primary_cat":"","_seopress_titles_title":"","_seopress_titles_desc":"","_seopress_robots_index":"","_et_pb_use_builder":"","_et_pb_old_content":"","_et_gb_content_width":"","inline_featured_image":false,"footnotes":""},"categories":[14,12],"tags":[],"class_list":["post-270046","post","type-post","status-publish","format-standard","hentry","category-vijesti","category-prica-dana"],"_links":{"self":[{"href":"https:\/\/www.pcnen.com\/portal\/wp-json\/wp\/v2\/posts\/270046","targetHints":{"allow":["GET"]}}],"collection":[{"href":"https:\/\/www.pcnen.com\/portal\/wp-json\/wp\/v2\/posts"}],"about":[{"href":"https:\/\/www.pcnen.com\/portal\/wp-json\/wp\/v2\/types\/post"}],"author":[{"embeddable":true,"href":"https:\/\/www.pcnen.com\/portal\/wp-json\/wp\/v2\/users\/1"}],"replies":[{"embeddable":true,"href":"https:\/\/www.pcnen.com\/portal\/wp-json\/wp\/v2\/comments?post=270046"}],"version-history":[{"count":0,"href":"https:\/\/www.pcnen.com\/portal\/wp-json\/wp\/v2\/posts\/270046\/revisions"}],"wp:attachment":[{"href":"https:\/\/www.pcnen.com\/portal\/wp-json\/wp\/v2\/media?parent=270046"}],"wp:term":[{"taxonomy":"category","embeddable":true,"href":"https:\/\/www.pcnen.com\/portal\/wp-json\/wp\/v2\/categories?post=270046"},{"taxonomy":"post_tag","embeddable":true,"href":"https:\/\/www.pcnen.com\/portal\/wp-json\/wp\/v2\/tags?post=270046"}],"curies":[{"name":"wp","href":"https:\/\/api.w.org\/{rel}","templated":true}]}}