{"id":270044,"date":"2019-07-18T15:04:45","date_gmt":"2019-07-18T13:04:45","guid":{"rendered":"http:\/\/www.pcnen.com\/portal\/?p=270044"},"modified":"2019-07-18T15:04:45","modified_gmt":"2019-07-18T13:04:45","slug":"pada-rejting-dps-u-dukanovic-i-dalje-najbolje-ocijenjeni-politicar","status":"publish","type":"post","link":"https:\/\/www.pcnen.com\/portal\/2019\/07\/18\/pada-rejting-dps-u-dukanovic-i-dalje-najbolje-ocijenjeni-politicar\/","title":{"rendered":"Pada rejting DPS-u, \u0110ukanovi\u0107 i dalje najbolje ocijenjeni politi\u010dar"},"content":{"rendered":"<p><img loading=\"lazy\" decoding=\"async\" class=\"alignleft size-full wp-image-160098\" src=\"http:\/\/www.pcnen.com\/portal\/wp-content\/uploads\/2014\/10\/cedem.jpg\" alt=\"\" width=\"286\" height=\"176\" \/>Demokratska partija socijalista (DPS) i Demokratska Crna Gora (Demokrate) imaju manju podr\u0161ku u odnosu na decembar pro\u0161le godine, a prosje\u010dne ocjene za sve politi\u010dare su veoma niske, saop\u0161teno je na konferenciji za novinare prilikom predstavljanja rezultata istra\u017eivanja: <a href=\"https:\/\/www.cedem.me\/publikacije\/istrazivanja\/politicko-javno-mnjenje\/send\/29-politicko-javno-mnjenje\/1938-politicko-javno-mnjenje-jul-2019\" target=\"_blank\" rel=\"noopener\">\u201cPoliti\u010dko javno mnjenje Crne Gore &#8211; jul 2019\u201d<\/a>, koje je sproveo Centar za demokratiju i ljudska prava (CEDEM) na uzorku od 1.002 punoljetna gra\u0111ana Crne Gore od 1. do 13. jula ove godine.<\/p>\n<p>Vladaju\u0107a Demokratska partija socijalista (DPS) ima 34 odsto podr\u0161ke, opoziciona grupacija Demokratski front (DF) 15,6 odsto, Demokrate 14,6 odsto, Socijalisti\u010dka narodna partija (SNP) 6,6 odsto, Socijaldemokrate (koalicioni partner vladju\u0107eg DPS) 5,3 odsto, Gra\u0111anski pokret URA 4,9 odsto, Bo\u0161nja\u010dka stranka 4,3 odsto, Demos 3,7 odsto, Socijaldemokratska partija 3,1 odsto, Albanska alternativa 2,6 odsto i Prava Crna Gora 2,3 odsto.<\/p>\n<p>Anketirani gra\u0111ani\/ke su najbolje ocijenili predsjednika dr\u017eave I lidera DPS Mila \u0110ukanovi\u0107a (2,44), zatim lidera Demokratske CG Aleksu Be\u010di\u0107a (2,31), pa premijera I potpredsjednika DPS Du\u0161ka Markovi\u0107a (2,25)<\/p>\n<p>Istr\u017eivanje je pokazalo da 44,8 % anketiranih gra\u0111ana\/ki smatra da je Crna Gora krenula pogre\u0161nim putem, 30,1 % smatra da je krenula pravim, a 25 % ne mo\u017ee procijeniti.<\/p>\n<p>Istra\u017eivanje je pokazalo i da je 31,5 % anketiranih gra\u0111ana\/ki veoma nezadovoljno radom Vlade, da ih je 17,9 % uglavnom nezadovoljno, a samo 14,8 % veoma zadovoljno i 14 % uglavnom zadovoljno. 21,8 % anketiranih gra\u0111ana\/ki nema stav u vezi sa ovim pitanjem.<\/p>\n<p>U odnosu na kraj pro\u0161le godine, dodatno je smanjen broj gra\u0111ana koji su zadovoljni radom Vlade, napomenuto je prilikom predstavljanja rezultata istra\u017eivanja.<br \/>\nIstra\u017eivanje je pokazalo da je nastavljen negtivan trend kada se radi o povjerenju u institucije.<\/p>\n<p>Istra\u017eivanje se ticalo i odnosa gra\u0111ana\/ki prema pitanjima vjere I vjerskih organizacija. 46,6 % anketiranih gra\u0111ana\/ki smatra da u Crnoj Gori treba da postoji samo Srpska pravoslavna cvrkva (SPC), a 22,4 % da SPC i Crnogorska pravoslavna crkva treba da budu jednake, dok 20,7 % nema stav o tom pitanju.<\/p>\n<p>58 0% anketiranih gra\u0111ana\/ki je kazalo da Crna Gora treba da bude \u010dlanica EU, 23 % da ne treba, dok 19 % nema mi\u0161ljenje o tom pitanju. Ovo je, napomenuto je, pad podr\u0161ke \u010dlanstvu u EU, imaju\u0107i u vidu da je u decembru lani 63,3 % gra\u0111ana\/ki smatralo da Crna Gora treba da bude \u010dlanica EU.<\/p>\n<p>\u0160to se ti\u010de podr\u0161ke NATO-u, \u010dija je Crna Gora ve\u0107 \u010dlanica, afirmativan stav o tome ima samo 38 % anketiranih gra\u0111ana\/ki, 43 % je protiv, a 19 % nema stav u vezi sa tim.<\/p>\n","protected":false},"excerpt":{"rendered":"<p>Opoziciona Demokratska Crna Gora ima manju podr\u0161ku nego u decembru pro\u0161le godine<\/p>\n","protected":false},"author":1,"featured_media":0,"comment_status":"open","ping_status":"closed","sticky":false,"template":"","format":"standard","meta":{"_seopress_robots_primary_cat":"","_seopress_titles_title":"","_seopress_titles_desc":"","_seopress_robots_index":"","_et_pb_use_builder":"","_et_pb_old_content":"","_et_gb_content_width":"","inline_featured_image":false,"footnotes":""},"categories":[14,12],"tags":[],"class_list":["post-270044","post","type-post","status-publish","format-standard","hentry","category-vijesti","category-prica-dana"],"_links":{"self":[{"href":"https:\/\/www.pcnen.com\/portal\/wp-json\/wp\/v2\/posts\/270044","targetHints":{"allow":["GET"]}}],"collection":[{"href":"https:\/\/www.pcnen.com\/portal\/wp-json\/wp\/v2\/posts"}],"about":[{"href":"https:\/\/www.pcnen.com\/portal\/wp-json\/wp\/v2\/types\/post"}],"author":[{"embeddable":true,"href":"https:\/\/www.pcnen.com\/portal\/wp-json\/wp\/v2\/users\/1"}],"replies":[{"embeddable":true,"href":"https:\/\/www.pcnen.com\/portal\/wp-json\/wp\/v2\/comments?post=270044"}],"version-history":[{"count":0,"href":"https:\/\/www.pcnen.com\/portal\/wp-json\/wp\/v2\/posts\/270044\/revisions"}],"wp:attachment":[{"href":"https:\/\/www.pcnen.com\/portal\/wp-json\/wp\/v2\/media?parent=270044"}],"wp:term":[{"taxonomy":"category","embeddable":true,"href":"https:\/\/www.pcnen.com\/portal\/wp-json\/wp\/v2\/categories?post=270044"},{"taxonomy":"post_tag","embeddable":true,"href":"https:\/\/www.pcnen.com\/portal\/wp-json\/wp\/v2\/tags?post=270044"}],"curies":[{"name":"wp","href":"https:\/\/api.w.org\/{rel}","templated":true}]}}