{"id":270038,"date":"2019-07-18T12:15:57","date_gmt":"2019-07-18T10:15:57","guid":{"rendered":"http:\/\/www.pcnen.com\/portal\/?p=270038"},"modified":"2019-07-18T12:33:03","modified_gmt":"2019-07-18T10:33:03","slug":"prihvacena-ostavka-direktora-te-pljevlja","status":"publish","type":"post","link":"https:\/\/www.pcnen.com\/portal\/2019\/07\/18\/prihvacena-ostavka-direktora-te-pljevlja\/","title":{"rendered":"Prihva\u0107ena ostavka direktora TE Pljevlja"},"content":{"rendered":"<p><img loading=\"lazy\" decoding=\"async\" class=\"alignleft size-medium wp-image-75676\" src=\"http:\/\/www.pcnen.com\/portal\/wp-content\/uploads\/2012\/02\/TE-Pljevlja-300x240.jpg\" alt=\"\" width=\"300\" height=\"240\" \/>Odbor direktora Elektroprivrede Crne Gore (EPCG) prihvatio je ostavku direktora Termoelektrane (TE) Pljevlja Vladimira \u0160estovi\u0107a koju je podnudio <a href=\"http:\/\/www.pcnen.com\/portal\/2019\/07\/09\/epcg-priznala-odgovornost-za-ekoloski-zlocin-u-pljevljima\/\">zbog ekolo\u0161kog incidenta<\/a> na vodotoku Vezi\u0161nice i \u0106ehotine.<\/p>\n<p>\u201cOdbor je, i pored \u010dinjenica koje ne ukazuju na bilo kakvo nestru\u010dno ili neblagovremeno upravljanje u havarijskoj situaciji, prihvatio ostavku koju je ponudio \u0160estovi\u0107\u201d, saop\u0161teno je iz EPCG.<\/p>\n<p>Odbor direktora je na vanrednoj sjednici, odr\u017eanoj u skladu sa zaklju\u010dcima Vlade Crne Gore, analizirao aktuelnu situaciju u TE Pljevlja, njene uzroke i posljedice.<\/p>\n<p>EPCG se izvinila gra\u0111anima Pljevalja i cjelokupnoj javnosti zbog ekolo\u0161kog incidenta koji se dogodio 4. jula, kao i neadekvatnog informisanja javnosti o cijelom slu\u010daju.<\/p>\n<p>\u201cOdbor direktora je zaklju\u010dio da je akcident posljedica havarijske drena\u017ee sistema za odvoz pepela i \u0161ljake, u situaciji koja je mogla dovesti do porasta nivoa vode na deponiji \u0161to bi ozbiljno naru\u0161ilo stabilnost brane deponije Maljevac, sa nesagledivim \u0161tetnim posljedicama po ljudske \u017eivote, stambene objekte i ostala materijalna dobra\u201d, ka\u017ee se u saop\u0161tenju.<\/p>\n<p>Menad\u017ement Dru\u0161tva \u0107e morati da sagleda kvalitet i adekvatnost svih procedura koje se ti\u010du mjera za\u0161tite \u017eivotne sredine i obezbje\u0111enja objekata u cilju njihovog pobolj\u0161anja i prevencije nastajanja ovakvih i sli\u010dnih situacija do zavr\u0161etka ekolo\u0161ke rekonstrukcije objekta.<\/p>\n<p>Iz EPCG su rekli da \u0107e kroz investicije od 60 miiona eura obezbijediti da Termoelektrana bude najsavremenija u regionu, a bezbjednost ljudi i \u017eivotne sredine na najvi\u0161em nivou.<\/p>\n","protected":false},"excerpt":{"rendered":"<p>Odbor direktora Elektroprivrede Crne Gore (EPCG) prihvatio je ostavku direktora Termoelektrane (TE) Pljevlja Vladimira \u0160estovi\u0107a koju je podnudio zbog ekolo\u0161kog incidenta na vodotoku Vezi\u0161nice i \u0106ehotine. \u201cOdbor je, i pored \u010dinjenica koje ne ukazuju na bilo kakvo nestru\u010dno ili neblagovremeno upravljanje u havarijskoj situaciji, prihvatio ostavku koju je ponudio \u0160estovi\u0107\u201d, saop\u0161teno je iz EPCG. Odbor [&hellip;]<\/p>\n","protected":false},"author":1,"featured_media":0,"comment_status":"open","ping_status":"closed","sticky":false,"template":"","format":"standard","meta":{"_seopress_robots_primary_cat":"","_seopress_titles_title":"","_seopress_titles_desc":"","_seopress_robots_index":"","_et_pb_use_builder":"","_et_pb_old_content":"","_et_gb_content_width":"","inline_featured_image":false,"footnotes":""},"categories":[14,12],"tags":[],"class_list":["post-270038","post","type-post","status-publish","format-standard","hentry","category-vijesti","category-prica-dana"],"_links":{"self":[{"href":"https:\/\/www.pcnen.com\/portal\/wp-json\/wp\/v2\/posts\/270038","targetHints":{"allow":["GET"]}}],"collection":[{"href":"https:\/\/www.pcnen.com\/portal\/wp-json\/wp\/v2\/posts"}],"about":[{"href":"https:\/\/www.pcnen.com\/portal\/wp-json\/wp\/v2\/types\/post"}],"author":[{"embeddable":true,"href":"https:\/\/www.pcnen.com\/portal\/wp-json\/wp\/v2\/users\/1"}],"replies":[{"embeddable":true,"href":"https:\/\/www.pcnen.com\/portal\/wp-json\/wp\/v2\/comments?post=270038"}],"version-history":[{"count":0,"href":"https:\/\/www.pcnen.com\/portal\/wp-json\/wp\/v2\/posts\/270038\/revisions"}],"wp:attachment":[{"href":"https:\/\/www.pcnen.com\/portal\/wp-json\/wp\/v2\/media?parent=270038"}],"wp:term":[{"taxonomy":"category","embeddable":true,"href":"https:\/\/www.pcnen.com\/portal\/wp-json\/wp\/v2\/categories?post=270038"},{"taxonomy":"post_tag","embeddable":true,"href":"https:\/\/www.pcnen.com\/portal\/wp-json\/wp\/v2\/tags?post=270038"}],"curies":[{"name":"wp","href":"https:\/\/api.w.org\/{rel}","templated":true}]}}