{"id":269999,"date":"2019-07-17T15:14:21","date_gmt":"2019-07-17T13:14:21","guid":{"rendered":"http:\/\/www.pcnen.com\/portal\/?p=269999"},"modified":"2019-07-17T15:32:28","modified_gmt":"2019-07-17T13:32:28","slug":"nvo-treci-izbor-medenice-grubo-krsenje-ustava","status":"publish","type":"post","link":"https:\/\/www.pcnen.com\/portal\/2019\/07\/17\/nvo-treci-izbor-medenice-grubo-krsenje-ustava\/","title":{"rendered":"NVO: Tre\u0107i izbor Medenice \u2013 grubo kr\u0161enje Ustava"},"content":{"rendered":"<p><img loading=\"lazy\" decoding=\"async\" class=\"alignleft size-medium wp-image-270000\" src=\"http:\/\/www.pcnen.com\/portal\/wp-content\/uploads\/2019\/07\/krsenje-ustava-282x300.jpg\" alt=\"\" width=\"282\" height=\"300\" \/>Vi\u0161e nevladinih organizacija je danas izbor Vesne Medenice na funkciju predsjednice Vrhovnog suda, po tre\u0107i put, okaratkerisalo kao grupo kr\u0161enje Ustava Crne Gore, koji u \u010dlanu 124, stav 5 zabranjuje da ista osoba vi\u0161e od dva puta bude birano na tu funkciju.<\/p>\n<p>\u201cSudski savjet je tre\u0107i izbor predsjednice Vrhovnog suda u\u010dinio bez obrazlo\u017eenja o razmatranju ustavnosti njene kandidature, poput nekog politbiroa u jednopartijskom sistemu, iako su na <a href=\"http:\/\/www.pcnen.com\/portal\/2019\/05\/31\/grupa-nvo-pisala-predsjedniku-sudskog-savjeta\/\">neustavnost te kandidature javno i obrazlo\u017eeno blagovremeno upozorili 11 nevladinih organizacija, profesori prava i drugi istaknuti pravnici iz Crne Gore i regiona.<\/a><\/p>\n<p>Ovom odlukom, \u010dlanice i \u010dlanovi Sudskog savjeta su jednoglasno stavili van snage Ustav Crne Gore, svjesni da protiv njihove odluke nema pravnog lijeka, jer nije bilo protivkandidata za tu funkciju koji bi imao pravo da ga ulo\u017ei\u201d, re\u010deno je u reagovabnju 11 nevladinih organizacija, koje su preventivno upozoravale na antiustavnost u konkretnom slu\u010daju.<\/p>\n<p>\u201cPreostaje samo da saop\u0161timo da je Ustav Crne Gore poga\u017een, i da upozorimo javnost da je umjesto vladavine prava na snazi vladavina politi\u010dke mo\u0107i koja li\u010dne interese pretpostavlja op\u0161tem interesu. Rezultat je poguban po Crnu Goru, posebno jer dolazi od onih \u010diji je posao da obezbijede nezavisnost sudstva i jednaku primjenu Ustava i zakona prema svima.<\/p>\n<p>Sudski savjet, koji je prihvatio neustavnu kandidaturu Medenice, a onda je i izabrao, time se definitivno kompromitovao kao marionetsko tijelo, a mjesto predsjednika Vrhovnog suda je uzurpirano. Dodatno je pora\u017eavaju\u0107e \u0161to je kandidatkinju jednoglasno predlo\u017eila Op\u0161ta sjednica Vrhovnog suda bez ikakvog obrazlo\u017eenja u odnosu na ustavnost kandidature.<\/p>\n<p>Kome jo\u0161 nije jasno, da ponovimo: Ustav je u julu 2013. godine, amandmanima koji su stupili na snagu odmah, zabranio da ista osoba bude birana za predsjednika Vrhovnog suda vi\u0161e od dva puta.\u00a0 ime je usvojio va\u017enu demokratsku tekovinu koja slu\u017ei \u201dsprje\u010davanju neprimjerene koncentracije li\u010dne mo\u0107i\u201d, kako je obrazlo\u017eila Venecijanska komisija. Me\u0111utim, ova univerzalna demokratska tekovina ne\u0107e va\u017eiti za one koji \u017eive u Crnoj Gori u vrijeme predsjednikovanja Vesne Medenice, koja \u0107e do kraja tre\u0107eg mandata koncentrisati \u010dak 17 godina na funkciji i li\u010dnu mo\u0107 koja bi kod svakog razumnog i objektivnog posmatra\u010da morala da izazove duboku zabrinutost\u201d.<\/p>\n<p>Uz <a href=\"http:\/\/www.hraction.org\/2019\/07\/17\/treci-izbor-medenice-grubo-krsenje-ustava\/\">reagovanje<\/a> je medijima proslije\u0111en spisak imena sudija Vrhovnog suda i \u010dlanova Sudskog savjeta koji su u\u010destvovali u tre\u0107em izboru Vesne Medenice za predsjednicu Vrhovnog suda i omogu\u0107ili kr\u0161enje pravnog poretka Crne Gore.<\/p>\n<blockquote><p>Reagovanje su potpisali:<\/p>\n<p>Akcija za ljudska prava (HRA), Tea Gorjanc Prelevi\u0107, izvr\u0161na direktorica<\/p>\n<p>Mre\u017ea za afirmaciju nevladinog sektora (MANS), advokat Veselin Radulovi\u0107, pravni zastupnik<\/p>\n<p>Institut alternative (IA), Stevo Muk, predsjednik Upravnog odbora<\/p>\n<p>Crnogorski komitet pravnika za za\u0161titu ljudskih prava, advokat Velija Muri\u0107,<\/p>\n<p>izvr\u0161ni direktor ANIMA \u2013 Centar za \u017eensko i mirovno obrazovanje, Ervina Dabi\u017einovi\u0107,<\/p>\n<p>koordinatorka Adamas, Katarina Bo\u0161kovi\u0107, izvr\u0161na direktorica<\/p>\n<p>Centar za gra\u0111anske slobode, Boris Mari\u0107, direktor<\/p>\n<p>Udru\u017eenje za za\u0161titu i promociju prava gra\u0111anina \u201cPravozastupnik\u201d, Budislav Mini\u0107, izvr\u0161ni pravozastupnik<\/p>\n<p>Media centar, Goran \u0110urovi\u0107, direktor<\/p>\n<p>Centar za gra\u0111ansko obrazovanje (CGO), Daliborka Uljarevi\u0107, izvr\u0161na direktorica<\/p>\n<p>Centar za razvoj nevladinih organizacija (CRNVO), Ana Novakovi\u0107, izvr\u0161na direktorica<\/p>\n<p style=\"text-align: center;\"><strong>****<\/strong><\/p>\n<p>OSOBE KOJE SU U\u010cESTVOVALE U 3. IZBORU VESNE MEDENICE NA FUNKCIJU PREDSJEDNICE VRHOVNOG SUDA UPRKOS \u010cLANU 124, st. 5 USTAVA CRNE GORE, KOJI GLASI: \u201dISTO LICE MO\u017dE BITI BIRANO ZA PREDSJEDNIKA VRHOVNOG SUDA NAJVI\u0160E DVA PUTA.\u201d<\/p>\n<p>Sutkinje i sudije Vrhovnog suda Crne Gore<\/p>\n<p>1. Stanka Vu\u010dini\u0107<br \/>\n2. Radule Kojovi\u0107<br \/>\n3. Petar Stojanovi\u0107<br \/>\n4. Vesna Begovi\u0107<br \/>\n5. Du\u0161anka Radovi\u0107<br \/>\n6. Natalija Filipovi\u0107<br \/>\n7. Branimir Femi\u0107<br \/>\n8. Dragica Mila\u010di\u0107<br \/>\n9. Rada Kova\u010devi\u0107<br \/>\n10. Radojka Nikoli\u0107<br \/>\n11. Svetlana Vujanovi\u0107<br \/>\n12. Mira\u0161 Radovi\u0107<br \/>\n13. Hasnija Simonovi\u0107<br \/>\n14. Nata\u0161a Bo\u017eovi\u0107<br \/>\n15. Ranka Vukovi\u0107<br \/>\n16. Vesna Jo\u010di\u0107<br \/>\n17. Vesna Vu\u010dkovi\u0107<br \/>\n18. Sne\u017eana Aleksi\u0107<\/p>\n<p>\u010clanovi i \u010dlanice Sudskog savjeta<br \/>\n1. Prof. dr Mladen Vuk\u010devi\u0107, predsjednik Sudskog savjeta<br \/>\n2. Zoran Pa\u017ein, ministar pravde i potpredsjednik Vlade<br \/>\n3. Rada Kova\u010devi\u0107, sutkinja Vrhovnog suda<br \/>\n4. Ana Perovi\u0107 Vojinovi\u0107, sutkinja Upravnog suda<br \/>\n5. Verica Sekuli\u0107, sutkinja Vi\u0161eg suda u Podgorici<br \/>\n6. Dragan Babovi\u0107, sudija Osnovnog suda u Podgorici<br \/>\n7. Dobrica \u0160ljivan\u010danin, pravnik u penziji<br \/>\n8. Loro Marki\u0107, advokat<br \/>\n9. Doc. dr Vesna Simovi\u0107-Zvicer<\/p><\/blockquote>\n","protected":false},"excerpt":{"rendered":"<p>Ovom odlukom, \u010dlanice i \u010dlanovi Sudskog savjeta su jednoglasno stavili van snage Ustav Crne Gore, svjesni da protiv njihove odluke nema pravnog lijeka<\/p>\n","protected":false},"author":1,"featured_media":0,"comment_status":"open","ping_status":"closed","sticky":false,"template":"","format":"standard","meta":{"_seopress_robots_primary_cat":"","_seopress_titles_title":"","_seopress_titles_desc":"","_seopress_robots_index":"","_et_pb_use_builder":"","_et_pb_old_content":"","_et_gb_content_width":"","inline_featured_image":false,"footnotes":""},"categories":[14,12],"tags":[],"class_list":["post-269999","post","type-post","status-publish","format-standard","hentry","category-vijesti","category-prica-dana"],"_links":{"self":[{"href":"https:\/\/www.pcnen.com\/portal\/wp-json\/wp\/v2\/posts\/269999","targetHints":{"allow":["GET"]}}],"collection":[{"href":"https:\/\/www.pcnen.com\/portal\/wp-json\/wp\/v2\/posts"}],"about":[{"href":"https:\/\/www.pcnen.com\/portal\/wp-json\/wp\/v2\/types\/post"}],"author":[{"embeddable":true,"href":"https:\/\/www.pcnen.com\/portal\/wp-json\/wp\/v2\/users\/1"}],"replies":[{"embeddable":true,"href":"https:\/\/www.pcnen.com\/portal\/wp-json\/wp\/v2\/comments?post=269999"}],"version-history":[{"count":0,"href":"https:\/\/www.pcnen.com\/portal\/wp-json\/wp\/v2\/posts\/269999\/revisions"}],"wp:attachment":[{"href":"https:\/\/www.pcnen.com\/portal\/wp-json\/wp\/v2\/media?parent=269999"}],"wp:term":[{"taxonomy":"category","embeddable":true,"href":"https:\/\/www.pcnen.com\/portal\/wp-json\/wp\/v2\/categories?post=269999"},{"taxonomy":"post_tag","embeddable":true,"href":"https:\/\/www.pcnen.com\/portal\/wp-json\/wp\/v2\/tags?post=269999"}],"curies":[{"name":"wp","href":"https:\/\/api.w.org\/{rel}","templated":true}]}}