{"id":269992,"date":"2019-07-17T13:28:31","date_gmt":"2019-07-17T11:28:31","guid":{"rendered":"http:\/\/www.pcnen.com\/portal\/?p=269992"},"modified":"2019-07-17T14:21:52","modified_gmt":"2019-07-17T12:21:52","slug":"policija-privela-urednika-portala-in4s","status":"publish","type":"post","link":"https:\/\/www.pcnen.com\/portal\/2019\/07\/17\/policija-privela-urednika-portala-in4s\/","title":{"rendered":"Policija privela urednika portala IN4S"},"content":{"rendered":"<p><img loading=\"lazy\" decoding=\"async\" class=\"alignleft size-medium wp-image-269993\" src=\"http:\/\/www.pcnen.com\/portal\/wp-content\/uploads\/2019\/07\/gojko_raicevic-300x210.jpg\" alt=\"\" width=\"300\" height=\"210\" srcset=\"https:\/\/www.pcnen.com\/portal\/wp-content\/uploads\/2019\/07\/gojko_raicevic.jpg 300w, https:\/\/www.pcnen.com\/portal\/wp-content\/uploads\/2019\/07\/gojko_raicevic-235x165.jpg 235w, https:\/\/www.pcnen.com\/portal\/wp-content\/uploads\/2019\/07\/gojko_raicevic-75x53.jpg 75w, https:\/\/www.pcnen.com\/portal\/wp-content\/uploads\/2019\/07\/gojko_raicevic-220x154.jpg 220w\" sizes=\"(max-width: 300px) 100vw, 300px\" \/>Policija je privela na informativni razgovor urednika portal IN4S Gojka Rai\u010devi\u0107a, objavio je ovaj medij, navode\u0107i da je ranije jutros policija uru\u010dila Rai\u010devi\u0107u poziv za saslu\u0161anje.<\/p>\n<p>\u201cNakon \u0161to je IN4S pokrenuo serijal objavljivanja audio zapisa razgovora biv\u0161eg amasadora SCG u Moskvi Milana Ro\u0107ena sa razli\u010ditim sagovornicima, a u kojima se nazire trag brojnih krivi\u010dnih, koruptivnih radnji, dr\u017eavni organi, po ustaljenom obi\u010daju kre\u0107u u ispitivanje \u2018glasnika\u2019, a ne potencijalnih izvr\u0161ilaca krivi\u010dnih djela\u201d, <a href=\"https:\/\/www.in4s.net\/policija-privela-glavnoog-urednika-in4s-gojko-raicevic\/?lang=lat\">komentari\u0161e IN4S.<\/a><\/p>\n<p>Nakon informativnog razgovora, Rai\u010devi\u0107a je policija vratila &#8220;na mjesto odakle je po\u0161ao&#8221;.<\/p>\n","protected":false},"excerpt":{"rendered":"<p>Policija je privela na informativni razgovor urednika portal IN4S Gojka Rai\u010devi\u0107a, objavio je ovaj medij, navode\u0107i da je ranije jutros policija uru\u010dila Rai\u010devi\u0107u poziv za saslu\u0161anje. \u201cNakon \u0161to je IN4S pokrenuo serijal objavljivanja audio zapisa razgovora biv\u0161eg amasadora SCG u Moskvi Milana Ro\u0107ena sa razli\u010ditim sagovornicima, a u kojima se nazire trag brojnih krivi\u010dnih, koruptivnih [&hellip;]<\/p>\n","protected":false},"author":1,"featured_media":269993,"comment_status":"open","ping_status":"closed","sticky":false,"template":"","format":"standard","meta":{"_seopress_robots_primary_cat":"","_seopress_titles_title":"","_seopress_titles_desc":"","_seopress_robots_index":"","_et_pb_use_builder":"","_et_pb_old_content":"","_et_gb_content_width":"","inline_featured_image":false,"footnotes":""},"categories":[14,12],"tags":[],"class_list":["post-269992","post","type-post","status-publish","format-standard","has-post-thumbnail","hentry","category-vijesti","category-prica-dana"],"_links":{"self":[{"href":"https:\/\/www.pcnen.com\/portal\/wp-json\/wp\/v2\/posts\/269992","targetHints":{"allow":["GET"]}}],"collection":[{"href":"https:\/\/www.pcnen.com\/portal\/wp-json\/wp\/v2\/posts"}],"about":[{"href":"https:\/\/www.pcnen.com\/portal\/wp-json\/wp\/v2\/types\/post"}],"author":[{"embeddable":true,"href":"https:\/\/www.pcnen.com\/portal\/wp-json\/wp\/v2\/users\/1"}],"replies":[{"embeddable":true,"href":"https:\/\/www.pcnen.com\/portal\/wp-json\/wp\/v2\/comments?post=269992"}],"version-history":[{"count":0,"href":"https:\/\/www.pcnen.com\/portal\/wp-json\/wp\/v2\/posts\/269992\/revisions"}],"wp:featuredmedia":[{"embeddable":true,"href":"https:\/\/www.pcnen.com\/portal\/wp-json\/wp\/v2\/media\/269993"}],"wp:attachment":[{"href":"https:\/\/www.pcnen.com\/portal\/wp-json\/wp\/v2\/media?parent=269992"}],"wp:term":[{"taxonomy":"category","embeddable":true,"href":"https:\/\/www.pcnen.com\/portal\/wp-json\/wp\/v2\/categories?post=269992"},{"taxonomy":"post_tag","embeddable":true,"href":"https:\/\/www.pcnen.com\/portal\/wp-json\/wp\/v2\/tags?post=269992"}],"curies":[{"name":"wp","href":"https:\/\/api.w.org\/{rel}","templated":true}]}}