{"id":269964,"date":"2019-07-17T05:40:48","date_gmt":"2019-07-17T03:40:48","guid":{"rendered":"http:\/\/www.pcnen.com\/portal\/?p=269964"},"modified":"2019-07-17T00:43:30","modified_gmt":"2019-07-16T22:43:30","slug":"neuspeh-makronizma-u-francuskoj","status":"publish","type":"post","link":"https:\/\/www.pcnen.com\/portal\/2019\/07\/17\/neuspeh-makronizma-u-francuskoj\/","title":{"rendered":"Neuspeh makronizma u Francuskoj"},"content":{"rendered":"<p><strong>Pi\u0161e: \u017dan-Mari Giti <\/strong><\/p>\n<p><img loading=\"lazy\" decoding=\"async\" class=\"alignleft size-medium wp-image-225814\" src=\"http:\/\/www.pcnen.com\/portal\/wp-content\/uploads\/2017\/05\/Emanuel-Makron-300x222.jpg\" alt=\"\" width=\"300\" height=\"222\" \/>Izbori nisu dovoljno jemstvo legitimiteta jednog \u010doveka, posebno ne onog koji izdaje sopstveni tabor, koji se ne mo\u017ee pohvaliti prethodnom politi\u010dkom karijerom, niti usidreno\u0161\u0107u u istoriju (bez ikakvog prethodnog iskustva koje bi mogao iskoristiti i bez ikakvog ideolo\u0161kog nasle\u0111a za koje bi mogao preuzeti odgovornost). Progla\u0161en pobednikom dvostrukog glasanja obele\u017eenog neo\u010dekivanim povla\u010denjem predsednika, medijskom kampanjom usmerenom protiv kandidata koji je bio favorit i pani\u010dnim strahom od ekstremne desnice, Makron je prikupio ograni\u010deni broj glasova.<\/p>\n<p>Ipak, imao je koristi od ogromne parlamentarne ve\u0107ine. Ne uzimaju\u0107i u obzir ove slu\u010dajne okolnosti, pustio je da ga situacija zanese. Nije razumeo da njegova mo\u0107 nije znak li\u010dne sudbine, ve\u0107 patologije na\u0161ih institucija koje zahtevaju hitnu reformu. Nereprezentativna Narodna skup\u0161tina, prekomerna koncentracija mo\u0107i u Jelisejskoj palati i svemo\u0107 izvr\u0161ne vlasti na u\u0161trb zakonodavne: sve su to institucionalni nedostaci na osnovu kojih je makronizam mogao izgraditi iluziju o vlastitoj snazi.<\/p>\n<p>Uspesi u Francuskoj, \u010dak i oni neizvesni, privla\u010de razne vrste oportunista! Mladi predsednik je oko sebe okupio sve one koji su li\u010dni uspeh odvojili od politi\u010dkih korena, koji su bili spremni izdati grupe kojima su pripadali. Makronizam je mo\u017eda nekima dao iluziju da se radi o politi\u010dkom centru. Ali on sa centrizmom ne deli nikakvu vrednost. Radi se o konglomeratu karijerista bez skrupula za koje \u201eni levo ni desno\u201c ne predstavlja golisti\u010dku \u017eelja da se izbegne zauzimanje strana, pa \u010dak ni mudrost inspirisanu umereno\u0161\u0107u i pravednim procenjivanjem, ve\u0107 pre zabrinjavaju\u0107u \u017eelju da se okon\u010da sa politikom u ime kratkovidnog pragmatizma, bezvrednog liberalnog ekonomizma i individualizma li\u010dnog uspeha. Novi tim je pomislio da bi se demokratija mogla redukovati na nekoliko izbornih konsultacija koje bi se razvla\u010dile kroz vreme \u0161to je vi\u0161e mogu\u0107e.<\/p>\n<p>Makronizam je upravo na ovoj osnovi zaveo trendy bur\u017eoaziju velikih gradova, nude\u0107i joj mlado i dinami\u010dno ogledalo u kojem se mogla narcisti\u010dno prepoznati i voleti. Redakcije velike pariske \u0161tampe, savr\u0161en izraz ove bur\u017eoazije, potom su medijska sredstva stavile u slu\u017ebu makronisti\u010dkoj vladi, tim lak\u0161e \u0161to su vlasnici preduze\u0107a ovih organa imali svoju ra\u010dunicu u vladi. Makronizam se \u2013 na ovako u\u010dvr\u0161\u0107enoj sociolo\u0161koj bazi \u2013 poistovetio sa Francuskom, bez najmanje sumnje u legitimitet.<\/p>\n<p>\u010cinilo se posve normalnim da mesto predsednika zauzme biv\u0161i izvr\u0161ni direktor banke, upra\u017enjuju\u0107i mesto zbog plemenitije i delikatnije funkcije: \u010duvara nacionalne kohezije. Ovo je prihva\u0107eno bez razmi\u0161ljanja o aktivisti\u010dkoj koncepciji politike, omogu\u0107ilo je \u010ditav niz mera koje su pro\u0161le bez zabrinutosti, bez obja\u0161njenja i bez uklju\u010divanja drugih politi\u010dkih aktera u zemlji: isklju\u010duju\u0107i gradona\u010delnike, sindikate, drugi Dom i ostala posredni\u010dka tela. Ali upravljanje dr\u017eavom ne zna\u010di doslovno primenjivanje programa bez uzimanja u obzir okolnosti, opozicije, parlamentarne rasprave ili kapaciteta da se naredbe odozgo sprovedu. Ipak, partija En marche (U pokretu) je pomislila da bi, pod vo\u0111stvom aktivisti\u010dkog predsednika, mogla rukovoditi autoritarnom transformacijom dr\u017eave uz pomo\u0107 sile zakonskih ograni\u010denja.<\/p>\n<p>Neuspeh makronizma u Francuskoj se dogodio zbog toga \u0161to je ovaj politi\u010dki, sociolo\u0161ki i pravni dispozitiv naglo zaustavljen bu\u0111enjem stanovni\u0161tva kroz pokret \u017dutih prsluka. Francuska nije dopustila da se svede na la\u017enu reprezentaciju i nije se poistovetila sa slikom kojom se cela dr\u017eava nastojala izmanipulisati.<\/p>\n<p>Afera Benala1 koja se odvijala u prvoj godini petogodi\u0161njeg mandata je ve\u0107 bila prvi znak ranog pada makronizma. Tamo gde ima ljudskog, ima i nesvesnog! Predsednik je, opijen ponosom, toliko sna\u017eno isticao svoju legitimnost ba\u0161 zato \u0161to ni sam nije ube\u0111en u nju. To je pokazivao svojim gre\u0161kama, lapsusima i propustima, od kojih je najupe\u010datljivije bilo dramatizovanje tokom afere Benala: \u201eNeka do\u0111u po mene!\u201c Kako bolje nego nesvesno izraziti da se nije ose\u0107ao kao kod ku\u0107e u Jelisejskoj palati? To je bila nesretna formula koju su najnevidljivije sile dr\u017eave shvatile doslovno, po\u010dev od predsedni\u010dke palate, i koju su nedelju za nedeljom stavljale u pokret (en marche), sve dok se nije modulirala u jedan jedini zahtev: Makron je oslobo\u0111en!<\/p>\n<p>Makronizam bi u protestnom pokretu jo\u0161 uvek mogao prepoznati povratak vlastitog potisnutog. Kada je dru\u0161tvena i istorijska realnost dr\u017eave negirana i u\u010dinjena nevidljivom zbog slepo\u0107e ambicioznih, ona je nu\u017enom zakonito\u0161\u0107u i bez izuzetka prisiljena da se vrati kao manifestacija teskobe i nasilja. Ali negiranje i prekrivanje realnosti dr\u017eave je toliko esencijalno za makronizam da ga se ne mo\u017ee re\u0161iti. Makronizam je napravio lukave distinkcije izme\u0111u nasilnika \u2013 mirnih i aktivnih demonstranata, te pasivne podr\u0161ke pokretu \u2013distinkcije kakva u realnosti ne postoji. U s\u00e2mom dru\u0161tvenom pokretu su ove tri kategorije povezane i solidarne. Makronizam je zapravo nastojao da d\u00e2 kazneni odgovor na politi\u010dki problem, \u0161to je samo bilo dodatno poricanje koje je jo\u0161 vi\u0161e osna\u017eilo protestvovanje.<\/p>\n<p>Videli smo kako makronizam ulazi u procese radikalizacije \u010diji su se razli\u010diti znakovi vremenom mogli lokalizovati: upotreba nasilja, la\u017e i manipulacija, okupljanje sekte oko svog gurua. Malo po malo, sve su maske pale. Vlada Francuske, upla\u0161ena i u bezizlaznom polo\u017eaju, potonula je u sekta\u0161ko skretanje postavljaju\u0107i na scenu svog obo\u017eavanog vo\u0111u u medijskoj turneji imenovanoj \u201eVelika debata\u201c. Organi oficijelne \u0161tampe su pokazali svoje pravo lice: sudelovali su u manipulaciji informacijama i mnenjem, predstavljali su \u010dist i puki prenosnik vladine komunikacije, u vreme nemira su imali uobi\u010dajenu strategiju skretanja komunikacije na ne\u0161to drugo i \u010dak su i\u0161li dotle da su trgovali la\u017eima dr\u017eave. Nije se oklevalo u pribegavanju zastra\u0161ivanju politi\u010dke opozicije i nezavisne \u0161tampe: pretresi, tu\u017ebe, diskvalifikacije disidentskog govora. Hitno su izglasani zakoni o policiji i instrumentalizovana je pravosudna institucija, dobiv\u0161i upute da bude izuzetno o\u0161tra, na \u0161tetu deobe vlasti.<\/p>\n<p>Ali, pre svega, kroz ovaj proces radikalizacije makronizam se istorijski i trajno povezao sa politi\u010dkom represijom. Tako da od sada, bez obzira na uspone i padove kojima \u0107e se jo\u0161 uspevati odr\u017eavati na vlasti, makronizam na sebi nosi neizbrisivi pe\u010dat pribegavanja nasilju kao znak njegovog neuspeha.<\/p>\n<blockquote><p>Aleksandar Benala (Alexandre Benalla) je bio Makronov telohranitelj i \u0161ef obezbe\u0111enja koji je maja 2018. zloupotrebio svoju poziciju policijskog zvani\u010dnika i pretukao mladog demonstranta na protestu, a optu\u017een je i za kr\u0161enje poslovne tajne, te zloupotrebe sistema video-nadzora. Otkriveno je da je posedovao nekoliko diplomatskih paso\u0161a i da je izgradio finansijske veze sa ruskim oligarsima i mafija\u0161ima (prim. prev.)<\/p><\/blockquote>\n<p><a href=\"http:\/\/www.masina.rs\/?p=10333\">Ma\u0161ina<\/a><\/p>\n","protected":false},"excerpt":{"rendered":"<p>Bez obzira na uspone i padove kojima \u0107e se jo\u0161 uspevati odr\u017eavati na vlasti, makronizam na sebi nosi neizbrisivi pe\u010dat pribegavanja nasilju kao znak njegovog neuspeha<\/p>\n","protected":false},"author":1,"featured_media":0,"comment_status":"open","ping_status":"closed","sticky":false,"template":"","format":"standard","meta":{"_seopress_robots_primary_cat":"","_seopress_titles_title":"","_seopress_titles_desc":"","_seopress_robots_index":"","_et_pb_use_builder":"","_et_pb_old_content":"","_et_gb_content_width":"","inline_featured_image":false,"footnotes":""},"categories":[5],"tags":[],"class_list":["post-269964","post","type-post","status-publish","format-standard","hentry","category-drugi-pisu"],"_links":{"self":[{"href":"https:\/\/www.pcnen.com\/portal\/wp-json\/wp\/v2\/posts\/269964","targetHints":{"allow":["GET"]}}],"collection":[{"href":"https:\/\/www.pcnen.com\/portal\/wp-json\/wp\/v2\/posts"}],"about":[{"href":"https:\/\/www.pcnen.com\/portal\/wp-json\/wp\/v2\/types\/post"}],"author":[{"embeddable":true,"href":"https:\/\/www.pcnen.com\/portal\/wp-json\/wp\/v2\/users\/1"}],"replies":[{"embeddable":true,"href":"https:\/\/www.pcnen.com\/portal\/wp-json\/wp\/v2\/comments?post=269964"}],"version-history":[{"count":0,"href":"https:\/\/www.pcnen.com\/portal\/wp-json\/wp\/v2\/posts\/269964\/revisions"}],"wp:attachment":[{"href":"https:\/\/www.pcnen.com\/portal\/wp-json\/wp\/v2\/media?parent=269964"}],"wp:term":[{"taxonomy":"category","embeddable":true,"href":"https:\/\/www.pcnen.com\/portal\/wp-json\/wp\/v2\/categories?post=269964"},{"taxonomy":"post_tag","embeddable":true,"href":"https:\/\/www.pcnen.com\/portal\/wp-json\/wp\/v2\/tags?post=269964"}],"curies":[{"name":"wp","href":"https:\/\/api.w.org\/{rel}","templated":true}]}}