{"id":269958,"date":"2019-07-16T22:57:25","date_gmt":"2019-07-16T20:57:25","guid":{"rendered":"http:\/\/www.pcnen.com\/portal\/?p=269958"},"modified":"2019-07-16T22:57:25","modified_gmt":"2019-07-16T20:57:25","slug":"suncano-do-32-stepena-5","status":"publish","type":"post","link":"https:\/\/www.pcnen.com\/portal\/2019\/07\/16\/suncano-do-32-stepena-5\/","title":{"rendered":"Sun\u010dano, do 32 stepena"},"content":{"rendered":"<p><img loading=\"lazy\" decoding=\"async\" src=\"http:\/\/www.pcnen.com\/portal\/wp-content\/uploads\/2012\/10\/pretezno-suncano-300x225.jpg\" alt=\"\" width=\"300\" height=\"225\" class=\"alignleft size-medium wp-image-96854\" \/>U srijedu \u0107e u Crnoj Gori biti prete\u017eno sun\u010dano. <\/p>\n<p>Na sjeveru je ujutro po kotlinama mogu\u0107a magla, a tokom dana slab do umjeren razvoj obla\u010dnosti. <\/p>\n<p>Vjetar \u0107e duvati slabo do umjeren, u jutarnjim satima poja\u010dan, sjeverni.<\/p>\n<p>Jutarnja temperatura vazduha kreta\u0107e se od 6 do 21, najvi\u0161a dnevna 19 do 33 stepena.<\/p>\n<p>U Podgorica\u0107e bit prete\u017eno sun\u010dano. Duva\u0107e slab do umjeren vjetar, u jutarnjim satima kratkotrajno poja\u010dan, sjeveroisto\u010dni. <\/p>\n<p>Jutarnja temperatura vazduha bi\u0107e oko 20, najvi\u0161a dnevna oko 32 stepena.<\/p>\n<p><a href=\"http:\/\/www.meteo.co.me\/misc.php?text=121&amp;sektor=1&amp;grad=PLU\">Prognoza za ostale gradove.<\/a><\/p>\n","protected":false},"excerpt":{"rendered":"<p>U srijedu \u0107e u Crnoj Gori biti prete\u017eno sun\u010dano. Na sjeveru je ujutro po kotlinama mogu\u0107a magla, a tokom dana slab do umjeren razvoj obla\u010dnosti. Vjetar \u0107e duvati slabo do umjeren, u jutarnjim satima poja\u010dan, sjeverni. Jutarnja temperatura vazduha kreta\u0107e se od 6 do 21, najvi\u0161a dnevna 19 do 33 stepena. U Podgorica\u0107e bit prete\u017eno [&hellip;]<\/p>\n","protected":false},"author":1,"featured_media":0,"comment_status":"open","ping_status":"closed","sticky":false,"template":"","format":"standard","meta":{"_seopress_robots_primary_cat":"","_seopress_titles_title":"","_seopress_titles_desc":"","_seopress_robots_index":"","_et_pb_use_builder":"","_et_pb_old_content":"","_et_gb_content_width":"","inline_featured_image":false,"footnotes":""},"categories":[14,12],"tags":[],"class_list":["post-269958","post","type-post","status-publish","format-standard","hentry","category-vijesti","category-prica-dana"],"_links":{"self":[{"href":"https:\/\/www.pcnen.com\/portal\/wp-json\/wp\/v2\/posts\/269958","targetHints":{"allow":["GET"]}}],"collection":[{"href":"https:\/\/www.pcnen.com\/portal\/wp-json\/wp\/v2\/posts"}],"about":[{"href":"https:\/\/www.pcnen.com\/portal\/wp-json\/wp\/v2\/types\/post"}],"author":[{"embeddable":true,"href":"https:\/\/www.pcnen.com\/portal\/wp-json\/wp\/v2\/users\/1"}],"replies":[{"embeddable":true,"href":"https:\/\/www.pcnen.com\/portal\/wp-json\/wp\/v2\/comments?post=269958"}],"version-history":[{"count":0,"href":"https:\/\/www.pcnen.com\/portal\/wp-json\/wp\/v2\/posts\/269958\/revisions"}],"wp:attachment":[{"href":"https:\/\/www.pcnen.com\/portal\/wp-json\/wp\/v2\/media?parent=269958"}],"wp:term":[{"taxonomy":"category","embeddable":true,"href":"https:\/\/www.pcnen.com\/portal\/wp-json\/wp\/v2\/categories?post=269958"},{"taxonomy":"post_tag","embeddable":true,"href":"https:\/\/www.pcnen.com\/portal\/wp-json\/wp\/v2\/tags?post=269958"}],"curies":[{"name":"wp","href":"https:\/\/api.w.org\/{rel}","templated":true}]}}