{"id":269938,"date":"2019-07-16T12:10:08","date_gmt":"2019-07-16T10:10:08","guid":{"rendered":"http:\/\/www.pcnen.com\/portal\/?p=269938"},"modified":"2019-07-16T12:12:01","modified_gmt":"2019-07-16T10:12:01","slug":"medenica-ponovo-na-celu-vrhovnog-suda","status":"publish","type":"post","link":"https:\/\/www.pcnen.com\/portal\/2019\/07\/16\/medenica-ponovo-na-celu-vrhovnog-suda\/","title":{"rendered":"Medenica ponovo na \u010delu Vrhovnog suda"},"content":{"rendered":"<p><img loading=\"lazy\" decoding=\"async\" src=\"http:\/\/www.pcnen.com\/portal\/wp-content\/uploads\/2011\/12\/Vesna-Medenica.jpg\" alt=\"\" width=\"276\" height=\"183\" class=\"alignleft size-full wp-image-69030\" \/>Predsjednica Vrhovnog suda Vesna Medenica je danas jednoglasno ponovo izabrana na tu funkciju,  saop\u0161tio je predsjednik Sudskog savjeta Mladen Vuk\u010devi\u0107.<\/p>\n<p>Medenica je bila<a href=\"http:\/\/www.pcnen.com\/portal\/2019\/06\/12\/medenica-i-zvanicno-jedna-jedina\/\"> jedina kandidatkinja za predsjednicu<\/a> Vrhovnog suda. <\/p>\n<p>Medenici je ovo tre\u0107i mandat na \u010delu najvi\u0161eg suda u zemlji.<\/p>\n<p>Medeni\u010dinu kandidaturu <a href=\"http:\/\/www.pcnen.com\/portal\/2019\/05\/31\/protivimo-se-takvom-tumacenju-ustava-crne-gore-i-zakona-o-sudskom-savjetu-i-sudijama\/\">osporava dio stru\u010dne i lai\u010dke javnosti<\/a>, obrazla\u017eu\u0107i svoj stav time da Ustav propisuje da isto lice najvi\u0161e dva puta mo\u017ee biti birano za predsjednika Vrhovnog suda.<\/p>\n","protected":false},"excerpt":{"rendered":"<p>Predsjednica Vrhovnog suda Vesna Medenica je danas jednoglasno ponovo izabrana na tu funkciju, saop\u0161tio je predsjednik Sudskog savjeta Mladen Vuk\u010devi\u0107. Medenica je bila jedina kandidatkinja za predsjednicu Vrhovnog suda. Medenici je ovo tre\u0107i mandat na \u010delu najvi\u0161eg suda u zemlji. Medeni\u010dinu kandidaturu osporava dio stru\u010dne i lai\u010dke javnosti, obrazla\u017eu\u0107i svoj stav time da Ustav propisuje [&hellip;]<\/p>\n","protected":false},"author":1,"featured_media":0,"comment_status":"open","ping_status":"closed","sticky":false,"template":"","format":"standard","meta":{"_seopress_robots_primary_cat":"","_seopress_titles_title":"","_seopress_titles_desc":"","_seopress_robots_index":"","_et_pb_use_builder":"","_et_pb_old_content":"","_et_gb_content_width":"","inline_featured_image":false,"footnotes":""},"categories":[14,12],"tags":[],"class_list":["post-269938","post","type-post","status-publish","format-standard","hentry","category-vijesti","category-prica-dana"],"_links":{"self":[{"href":"https:\/\/www.pcnen.com\/portal\/wp-json\/wp\/v2\/posts\/269938","targetHints":{"allow":["GET"]}}],"collection":[{"href":"https:\/\/www.pcnen.com\/portal\/wp-json\/wp\/v2\/posts"}],"about":[{"href":"https:\/\/www.pcnen.com\/portal\/wp-json\/wp\/v2\/types\/post"}],"author":[{"embeddable":true,"href":"https:\/\/www.pcnen.com\/portal\/wp-json\/wp\/v2\/users\/1"}],"replies":[{"embeddable":true,"href":"https:\/\/www.pcnen.com\/portal\/wp-json\/wp\/v2\/comments?post=269938"}],"version-history":[{"count":0,"href":"https:\/\/www.pcnen.com\/portal\/wp-json\/wp\/v2\/posts\/269938\/revisions"}],"wp:attachment":[{"href":"https:\/\/www.pcnen.com\/portal\/wp-json\/wp\/v2\/media?parent=269938"}],"wp:term":[{"taxonomy":"category","embeddable":true,"href":"https:\/\/www.pcnen.com\/portal\/wp-json\/wp\/v2\/categories?post=269938"},{"taxonomy":"post_tag","embeddable":true,"href":"https:\/\/www.pcnen.com\/portal\/wp-json\/wp\/v2\/tags?post=269938"}],"curies":[{"name":"wp","href":"https:\/\/api.w.org\/{rel}","templated":true}]}}