{"id":269929,"date":"2019-07-16T09:33:53","date_gmt":"2019-07-16T07:33:53","guid":{"rendered":"http:\/\/www.pcnen.com\/portal\/?p=269929"},"modified":"2019-07-16T09:33:53","modified_gmt":"2019-07-16T07:33:53","slug":"ozon-trazi-provjeru-porijekla-imovine-investitora-mhe","status":"publish","type":"post","link":"https:\/\/www.pcnen.com\/portal\/2019\/07\/16\/ozon-trazi-provjeru-porijekla-imovine-investitora-mhe\/","title":{"rendered":"&#8216;Ozon&#8217; tra\u017ei provjeru porijekla imovine investitora mHE"},"content":{"rendered":"<p><img loading=\"lazy\" decoding=\"async\" class=\"alignleft size-medium wp-image-266134\" src=\"http:\/\/www.pcnen.com\/portal\/wp-content\/uploads\/2019\/05\/Stop-minihidroelektranam-298x300.jpg\" alt=\"\" width=\"298\" height=\"300\" srcset=\"https:\/\/www.pcnen.com\/portal\/wp-content\/uploads\/2019\/05\/Stop-minihidroelektranam-298x300.jpg 298w, https:\/\/www.pcnen.com\/portal\/wp-content\/uploads\/2019\/05\/Stop-minihidroelektranam-150x150.jpg 150w, https:\/\/www.pcnen.com\/portal\/wp-content\/uploads\/2019\/05\/Stop-minihidroelektranam-144x144.jpg 144w, https:\/\/www.pcnen.com\/portal\/wp-content\/uploads\/2019\/05\/Stop-minihidroelektranam-50x50.jpg 50w, https:\/\/www.pcnen.com\/portal\/wp-content\/uploads\/2019\/05\/Stop-minihidroelektranam-235x237.jpg 235w, https:\/\/www.pcnen.com\/portal\/wp-content\/uploads\/2019\/05\/Stop-minihidroelektranam-75x76.jpg 75w, https:\/\/www.pcnen.com\/portal\/wp-content\/uploads\/2019\/05\/Stop-minihidroelektranam-350x353.jpg 350w, https:\/\/www.pcnen.com\/portal\/wp-content\/uploads\/2019\/05\/Stop-minihidroelektranam-70x70.jpg 70w, https:\/\/www.pcnen.com\/portal\/wp-content\/uploads\/2019\/05\/Stop-minihidroelektranam-220x222.jpg 220w, https:\/\/www.pcnen.com\/portal\/wp-content\/uploads\/2019\/05\/Stop-minihidroelektranam.jpg 400w\" sizes=\"(max-width: 298px) 100vw, 298px\" \/>Ekolo\u0161ki pokret &#8216;Ozon&#8217; je pozvao Vladu Crne Gore da upozna javnost sa porijeklom imovine investitora koji su sagradili ili grade male hidroelektrane.<\/p>\n<p>\u201cImaju\u0107i u vidu da je u toku preispitivanje dokumentacije od strane Ministarsta ekonomije, smatramo da je od su\u0161tinske va\u017enosti baviti se i porijeklom imovine onih koji se u javnosti poku\u0161avaju predstaviti kao dobrotvori naroda i koji &#8216;ma\u0161u parama&#8217; na sve strane i obe\u0107avaju ono \u0161to nije u njihovoj nadle\u017enosti, od izgradnje lokalne infrastrukture, do ulaganja u \u0161kolstvo i zdravstvo, \u0161to je u najmanju ruku degutantno.<\/p>\n<p>Smatramo da je potpuno jasno da je u javnom interesu informisati javnost o porijeklu njihove imovine i od Vlade o\u010dekujemo da postupi po na\u0161em javnom zahtjevu, jer bi sve drugo bilo neprihvatljivo\u201c, poru\u010dio je &#8216;Ozon&#8217;.<\/p>\n<p>Ovo udru\u017eenje gra\u0111ana je ponovo pozvalo Vrhovno dr\u017eavno tu\u017eila\u0161tvo \u201cda formira predmet koji \u0107e ispitati eventualno koruptivno-kriminalne aktivnosti investitora malih hidroelektrana, jer do nas sti\u017eu razne informacije o poku\u0161ajima pranja novca, potkupljivanja, ucjenjivanja, zastra\u0161ivanja onih\u00a0 koji se protive izgradnji ovih po prirodu i gra\u0111ane nesporno \u0161tetnih projekata\u201c.<\/p>\n<p>&#8216;Ozon&#8217; je pozvao i poslanice i poslanike Skup\u0161tine Crne Gore, \u201cda stanu uz one po\u0161tene ljude koji \u017eive od svog rada u uslovima nedostojnim XXI vijeka, \u010duvaju\u0107i ono najvrijednije nasle\u0111e, koje su nam ostavili preci i koji su izlo\u017eeni opasnosti zbog suprostavljanja interesnim grupama koje nijesu navikle da im se pravi otpor i staje na put bahatosti i nekontrolisanom boga\u0107enju\u201c.<\/p>\n","protected":false},"excerpt":{"rendered":"<p>U javnom interesu je da Vlada informi\u0161e javnost o porijeklu njihove imovine<\/p>\n","protected":false},"author":1,"featured_media":266134,"comment_status":"open","ping_status":"closed","sticky":false,"template":"","format":"standard","meta":{"_seopress_robots_primary_cat":"","_seopress_titles_title":"","_seopress_titles_desc":"","_seopress_robots_index":"","_et_pb_use_builder":"","_et_pb_old_content":"","_et_gb_content_width":"","inline_featured_image":false,"footnotes":""},"categories":[14,12],"tags":[],"class_list":["post-269929","post","type-post","status-publish","format-standard","has-post-thumbnail","hentry","category-vijesti","category-prica-dana"],"_links":{"self":[{"href":"https:\/\/www.pcnen.com\/portal\/wp-json\/wp\/v2\/posts\/269929","targetHints":{"allow":["GET"]}}],"collection":[{"href":"https:\/\/www.pcnen.com\/portal\/wp-json\/wp\/v2\/posts"}],"about":[{"href":"https:\/\/www.pcnen.com\/portal\/wp-json\/wp\/v2\/types\/post"}],"author":[{"embeddable":true,"href":"https:\/\/www.pcnen.com\/portal\/wp-json\/wp\/v2\/users\/1"}],"replies":[{"embeddable":true,"href":"https:\/\/www.pcnen.com\/portal\/wp-json\/wp\/v2\/comments?post=269929"}],"version-history":[{"count":0,"href":"https:\/\/www.pcnen.com\/portal\/wp-json\/wp\/v2\/posts\/269929\/revisions"}],"wp:featuredmedia":[{"embeddable":true,"href":"https:\/\/www.pcnen.com\/portal\/wp-json\/wp\/v2\/media\/266134"}],"wp:attachment":[{"href":"https:\/\/www.pcnen.com\/portal\/wp-json\/wp\/v2\/media?parent=269929"}],"wp:term":[{"taxonomy":"category","embeddable":true,"href":"https:\/\/www.pcnen.com\/portal\/wp-json\/wp\/v2\/categories?post=269929"},{"taxonomy":"post_tag","embeddable":true,"href":"https:\/\/www.pcnen.com\/portal\/wp-json\/wp\/v2\/tags?post=269929"}],"curies":[{"name":"wp","href":"https:\/\/api.w.org\/{rel}","templated":true}]}}