{"id":269908,"date":"2019-07-15T22:34:16","date_gmt":"2019-07-15T20:34:16","guid":{"rendered":"http:\/\/www.pcnen.com\/portal\/?p=269908"},"modified":"2019-07-15T22:34:16","modified_gmt":"2019-07-15T20:34:16","slug":"promjenljivo-oblacno-do-30-stepeni","status":"publish","type":"post","link":"https:\/\/www.pcnen.com\/portal\/2019\/07\/15\/promjenljivo-oblacno-do-30-stepeni\/","title":{"rendered":"Promjenljivo obla\u010dno, do 30 stepeni"},"content":{"rendered":"<p><img loading=\"lazy\" decoding=\"async\" src=\"http:\/\/www.pcnen.com\/portal\/wp-content\/uploads\/2017\/05\/oblaci-merulja.jpg\" alt=\"\" width=\"300\" height=\"193\" class=\"alignleft size-full wp-image-226611\" \/>U utorak \u0107e u Crnoj Gori biti promjenljivo obla\u010dno sa sun\u010danim intervalima ali i uslovima za kratkotrajnu ki\u0161u i grmljavinu, tokom prvog dijela dana. <\/p>\n<p>Vjetar \u0107e biti umjeren, u jutarnjim i no\u0107nim satima i poja\u010dan, sjeverni i sjeveroisto\u010dni. <\/p>\n<p>Jutarnja temperatura vazduha kreta\u0107e se od 9 do 22, najvi\u0161a dnevna 16 do 30 stepeni.<\/p>\n<p>U Podgorici \u0107e biti promjenljivo obla\u010dno sa sun\u010danim intervalima i uglavnom suvo. <\/p>\n<p>Vjetar \u0107e biti slab do umjeren, u jutarnjim i no\u0107nim satima na udare poja\u010dan, sjeveroisto\u010dni i isto\u010dni. <\/p>\n<p>Jutarnja temperatura vazduha bi\u0107e oko 20, najvi\u0161a dnevna do 29 stepeni.<\/p>\n<p><a href=\"http:\/\/www.meteo.co.me\/misc.php?text=121&amp;sektor=1&amp;grad=PLU\">Prognoza za ostale gradove.<\/a><\/p>\n","protected":false},"excerpt":{"rendered":"<p>U utorak \u0107e u Crnoj Gori biti promjenljivo obla\u010dno sa sun\u010danim intervalima ali i uslovima za kratkotrajnu ki\u0161u i grmljavinu, tokom prvog dijela dana. Vjetar \u0107e biti umjeren, u jutarnjim i no\u0107nim satima i poja\u010dan, sjeverni i sjeveroisto\u010dni. Jutarnja temperatura vazduha kreta\u0107e se od 9 do 22, najvi\u0161a dnevna 16 do 30 stepeni. U Podgorici [&hellip;]<\/p>\n","protected":false},"author":1,"featured_media":0,"comment_status":"open","ping_status":"closed","sticky":false,"template":"","format":"standard","meta":{"_seopress_robots_primary_cat":"","_seopress_titles_title":"","_seopress_titles_desc":"","_seopress_robots_index":"","_et_pb_use_builder":"","_et_pb_old_content":"","_et_gb_content_width":"","inline_featured_image":false,"footnotes":""},"categories":[14,12],"tags":[],"class_list":["post-269908","post","type-post","status-publish","format-standard","hentry","category-vijesti","category-prica-dana"],"_links":{"self":[{"href":"https:\/\/www.pcnen.com\/portal\/wp-json\/wp\/v2\/posts\/269908","targetHints":{"allow":["GET"]}}],"collection":[{"href":"https:\/\/www.pcnen.com\/portal\/wp-json\/wp\/v2\/posts"}],"about":[{"href":"https:\/\/www.pcnen.com\/portal\/wp-json\/wp\/v2\/types\/post"}],"author":[{"embeddable":true,"href":"https:\/\/www.pcnen.com\/portal\/wp-json\/wp\/v2\/users\/1"}],"replies":[{"embeddable":true,"href":"https:\/\/www.pcnen.com\/portal\/wp-json\/wp\/v2\/comments?post=269908"}],"version-history":[{"count":0,"href":"https:\/\/www.pcnen.com\/portal\/wp-json\/wp\/v2\/posts\/269908\/revisions"}],"wp:attachment":[{"href":"https:\/\/www.pcnen.com\/portal\/wp-json\/wp\/v2\/media?parent=269908"}],"wp:term":[{"taxonomy":"category","embeddable":true,"href":"https:\/\/www.pcnen.com\/portal\/wp-json\/wp\/v2\/categories?post=269908"},{"taxonomy":"post_tag","embeddable":true,"href":"https:\/\/www.pcnen.com\/portal\/wp-json\/wp\/v2\/tags?post=269908"}],"curies":[{"name":"wp","href":"https:\/\/api.w.org\/{rel}","templated":true}]}}