{"id":269890,"date":"2019-07-15T12:57:47","date_gmt":"2019-07-15T10:57:47","guid":{"rendered":"http:\/\/www.pcnen.com\/portal\/?p=269890"},"modified":"2019-07-15T12:57:47","modified_gmt":"2019-07-15T10:57:47","slug":"iranski-uslovi-za-pregovore-sa-sad","status":"publish","type":"post","link":"https:\/\/www.pcnen.com\/portal\/2019\/07\/15\/iranski-uslovi-za-pregovore-sa-sad\/","title":{"rendered":"Iranski uslovi za pregovore sa SAD"},"content":{"rendered":"<p><img loading=\"lazy\" decoding=\"async\" class=\"alignleft size-full wp-image-250809\" src=\"http:\/\/www.pcnen.com\/portal\/wp-content\/uploads\/2018\/07\/Teheran.jpg\" alt=\"\" width=\"300\" height=\"174\" \/>Iran je spreman za pregovore sa SAD, izjavio je iranski predsjednik Hasan Rouhani, navode\u0107i \u0161ta prethodno treba biti ura\u0111eno.<\/p>\n<p>\u201cKada se velika sila koristi za zastra\u0161ivanje, mi joj se moramo suprostaviti. Mi bismo \u017eeljeli da se zastra\u0161ivanje prekine. Mi smo uvijek vjerovali u pregovore. Upravo sada, u ovom trenutku, ako SAD prestanu s pritiscima, ako one zaustave agresivnost, ako one ukinu sankcije i vrate se za sto pregovora i uklju\u010de logiku, mi smo spremni obnoviti dijalog\u201c, izjavo je danas iranski predsjednik, prenose inostrani mediji.<\/p>\n<p>Prethodno su na pregovore pozvale Francuska, Njema\u010dka i Velika Britanija, koje su zabrinute mogu\u0107om propa\u0161\u0107u nuklearnog sporazuma iz kojeg se i Iran namjerava povu\u0107i ukoliko se stvari ne pomaknu \u201cs mrtve ta\u010dke\u201c.<\/p>\n","protected":false},"excerpt":{"rendered":"<p>&#8220;Ako SAD prestanu s pritiscima, ako one zaustave agresivnost, ako one ukinu sankcije i vrate se za sto pregovora i uklju\u010de logiku, mi smo spremni obnoviti dijalog<\/p>\n","protected":false},"author":1,"featured_media":0,"comment_status":"open","ping_status":"closed","sticky":false,"template":"","format":"standard","meta":{"_seopress_robots_primary_cat":"","_seopress_titles_title":"","_seopress_titles_desc":"","_seopress_robots_index":"","_et_pb_use_builder":"","_et_pb_old_content":"","_et_gb_content_width":"","inline_featured_image":false,"footnotes":""},"categories":[14,12],"tags":[],"class_list":["post-269890","post","type-post","status-publish","format-standard","hentry","category-vijesti","category-prica-dana"],"_links":{"self":[{"href":"https:\/\/www.pcnen.com\/portal\/wp-json\/wp\/v2\/posts\/269890","targetHints":{"allow":["GET"]}}],"collection":[{"href":"https:\/\/www.pcnen.com\/portal\/wp-json\/wp\/v2\/posts"}],"about":[{"href":"https:\/\/www.pcnen.com\/portal\/wp-json\/wp\/v2\/types\/post"}],"author":[{"embeddable":true,"href":"https:\/\/www.pcnen.com\/portal\/wp-json\/wp\/v2\/users\/1"}],"replies":[{"embeddable":true,"href":"https:\/\/www.pcnen.com\/portal\/wp-json\/wp\/v2\/comments?post=269890"}],"version-history":[{"count":0,"href":"https:\/\/www.pcnen.com\/portal\/wp-json\/wp\/v2\/posts\/269890\/revisions"}],"wp:attachment":[{"href":"https:\/\/www.pcnen.com\/portal\/wp-json\/wp\/v2\/media?parent=269890"}],"wp:term":[{"taxonomy":"category","embeddable":true,"href":"https:\/\/www.pcnen.com\/portal\/wp-json\/wp\/v2\/categories?post=269890"},{"taxonomy":"post_tag","embeddable":true,"href":"https:\/\/www.pcnen.com\/portal\/wp-json\/wp\/v2\/tags?post=269890"}],"curies":[{"name":"wp","href":"https:\/\/api.w.org\/{rel}","templated":true}]}}