{"id":269867,"date":"2019-07-14T21:04:08","date_gmt":"2019-07-14T19:04:08","guid":{"rendered":"http:\/\/www.pcnen.com\/portal\/?p=269867"},"modified":"2019-07-14T21:04:08","modified_gmt":"2019-07-14T19:04:08","slug":"vimbldon-dokovic-odbranio-titulu-protiv-federera","status":"publish","type":"post","link":"https:\/\/www.pcnen.com\/portal\/2019\/07\/14\/vimbldon-dokovic-odbranio-titulu-protiv-federera\/","title":{"rendered":"Vimbldon: \u0110okovi\u0107 odbranio titulu protiv Federera"},"content":{"rendered":"<p><img loading=\"lazy\" decoding=\"async\" class=\"alignleft size-full wp-image-269868\" src=\"http:\/\/www.pcnen.com\/portal\/wp-content\/uploads\/2019\/07\/Djokovic-Vimbldon.jpg\" alt=\"\" width=\"330\" height=\"228\" \/>Prvi teniser svijeta Novak \u0110okovi\u0107 je osvojio Vimbldon, pobjedom nad Rod\u017eerom Federerom sa 3:2 u setovima (7:6, 1:6, 7:6, 4:6, 13:12).<\/p>\n<p>Me\u010d je trajao pet sati i jedan minut, \u0161to je najdu\u017ee finale u istoriji Vimbldona, a pobjeda je ostvarena u taj-brejku petog seta.<\/p>\n<p>U odlu\u010duju\u0107em setu \u0110okovi\u0107 je spasio dvije me\u010d lopte koje je imao Federer na svoj servis.<\/p>\n<p>Ovo je bilo tre\u0107e finale Vimbldona u kom su se sastali \u0110okovi\u0107 i Federer i srpski teniser ima sve tri pobjede.<\/p>\n<p>\u0110okovi\u0107 je branio lani osvojenu \u0161ampionsku titulu i ukupno peti put u karijeri osvojio ovaj presti\u017eni turnir, koji se smatra neformalnim prvenstvom svijeta u tenisu.<\/p>\n<p>\u0110okovi\u0107 sada ima ukupno 75. ATP trofeja, a 16. na grend slem turnirima.<\/p>\n","protected":false},"excerpt":{"rendered":"<p>Pobjeda je ostvarena u taj-brejku petog seta<\/p>\n","protected":false},"author":1,"featured_media":0,"comment_status":"open","ping_status":"closed","sticky":false,"template":"","format":"standard","meta":{"_seopress_robots_primary_cat":"","_seopress_titles_title":"","_seopress_titles_desc":"","_seopress_robots_index":"","_et_pb_use_builder":"","_et_pb_old_content":"","_et_gb_content_width":"","inline_featured_image":false,"footnotes":""},"categories":[14,12],"tags":[],"class_list":["post-269867","post","type-post","status-publish","format-standard","hentry","category-vijesti","category-prica-dana"],"_links":{"self":[{"href":"https:\/\/www.pcnen.com\/portal\/wp-json\/wp\/v2\/posts\/269867","targetHints":{"allow":["GET"]}}],"collection":[{"href":"https:\/\/www.pcnen.com\/portal\/wp-json\/wp\/v2\/posts"}],"about":[{"href":"https:\/\/www.pcnen.com\/portal\/wp-json\/wp\/v2\/types\/post"}],"author":[{"embeddable":true,"href":"https:\/\/www.pcnen.com\/portal\/wp-json\/wp\/v2\/users\/1"}],"replies":[{"embeddable":true,"href":"https:\/\/www.pcnen.com\/portal\/wp-json\/wp\/v2\/comments?post=269867"}],"version-history":[{"count":0,"href":"https:\/\/www.pcnen.com\/portal\/wp-json\/wp\/v2\/posts\/269867\/revisions"}],"wp:attachment":[{"href":"https:\/\/www.pcnen.com\/portal\/wp-json\/wp\/v2\/media?parent=269867"}],"wp:term":[{"taxonomy":"category","embeddable":true,"href":"https:\/\/www.pcnen.com\/portal\/wp-json\/wp\/v2\/categories?post=269867"},{"taxonomy":"post_tag","embeddable":true,"href":"https:\/\/www.pcnen.com\/portal\/wp-json\/wp\/v2\/tags?post=269867"}],"curies":[{"name":"wp","href":"https:\/\/api.w.org\/{rel}","templated":true}]}}