{"id":269817,"date":"2019-07-13T13:25:22","date_gmt":"2019-07-13T11:25:22","guid":{"rendered":"http:\/\/www.pcnen.com\/portal\/?p=269817"},"modified":"2019-10-05T15:52:49","modified_gmt":"2019-10-05T13:52:49","slug":"sinjajevina-voli-zvek-caktara-a-ne-vojne-trube","status":"publish","type":"post","link":"https:\/\/www.pcnen.com\/portal\/2019\/07\/13\/sinjajevina-voli-zvek-caktara-a-ne-vojne-trube\/","title":{"rendered":"Sinjajevina voli zvek \u010daktara, a ne vojne trube"},"content":{"rendered":"<p><img loading=\"lazy\" decoding=\"async\" class=\"size-full wp-image-269820 alignleft\" src=\"http:\/\/www.pcnen.com\/portal\/wp-content\/uploads\/2019\/07\/Savina-voda.jpg\" alt=\"\" width=\"350\" height=\"375\" \/>&#8216;Velika je Sinjajevina&#8217;, s vremena na vrijeme je dobacivao \u00a0D\u017eemal Perovi\u0107, neformalni lider gra\u0111anskog pokreta &#8216;Odupri se&#8217;, dok smo se truskali na karoseriji &#8216;tami\u0107a&#8217; koji nas je prihvatio u Lipovu, dokle smo do\u0161li kombijem na putu ka Savinoj vodi. Bila je to ironi\u010dna replika na argument militarista da je planina dovoljno velika i za vojsku i za sto\u010dare.<\/p>\n<p>Na Savinu vodu smo i\u0161li u petak 12. jula, na Petrovdan, za kada je, ta\u010dno u podne, bio zakazan drugi po redu narodni skup sa koga se crnogorskim vlastima poru\u010duje da Sinjajevina treba da bude park prirode (kako je i sama vlast mislila nekoliko godina ranije), a ne prostor pogodan za vojne poligone.<\/p>\n<p>Vlast je, u me\u0111uvremenu, promijenila mi\u0161ljenje, ali se mnogima koji su za Sinjajevinu vezani ekonomski i emotivno vi\u0161e dopada slika &#8216;parka prirode&#8217; u kome odjekuje bleka ovaca, meketanje koza, rika goveda, rzanje konja, zov dilja\u010di, poj pica, huk vjetra i tutnjava gromova, nego vojnih haubica i ko zna \u010dega jo\u0161.<\/p>\n<p><img loading=\"lazy\" decoding=\"async\" class=\"alignright size-full wp-image-269821\" src=\"http:\/\/www.pcnen.com\/portal\/wp-content\/uploads\/2019\/07\/Savina-voda-ovce.jpg\" alt=\"\" width=\"350\" height=\"246\" \/><\/p>\n<p>Ova po\u017eeljnija slika je uskla\u0111ena sa onim \u0161to je zapisano u Ustavu Crne Gore i propisano Deklaracijom koju je crnogorski parlament usvojio daleke 1991. godine \u2013 ova dr\u017eava je e-ko-lo\u0161-ka!<\/p>\n<p>Na uzvi\u0161enju iznad poto\u010di\u0107a pregra\u0111enog branom, koja ga je zajezerila i pretvorila u Savinu vodu u kojoj se br\u010dkaju tritoni, okupio se narod da poka\u017ee \u010dvrsto protivljenje militarizaciji Sinjajevine.<\/p>\n<p>Oni koji su ve\u0107 izdigli sa stokom na katune nedaleko odatle do\u0161li su pje\u0161ke, neko je dojahao na konju, lokalni \u0161umar na motociklu, policija u slu\u017ebenom d\u017eipu, a ostali u terenskim i drugim autima koja mogu savladati strmen iznad Lipova i grubi makadam planinskog, slabo odr\u017eavanog puta. (Na prvoj ve\u0107oj uzbrdici zapelo je, na \u017ealost, vozilo kojim je na zadatak krenula ekupa RTCG, nacionalnog javnog servisa.)<\/p>\n<p>Niko nije nosio nikakvu zastavu.<\/p>\n<p>Jedna sredovje\u010dna \u017eena je bila obu\u010dena u crnogorsku robu.<\/p>\n<p>Jedan sredovje\u010dni mu\u0161karac je na glavi imao li\u010dku kapu.<\/p>\n<p><img loading=\"lazy\" decoding=\"async\" class=\"size-full wp-image-269819 aligncenter\" src=\"http:\/\/www.pcnen.com\/portal\/wp-content\/uploads\/2019\/07\/savina-voda-protest-1.jpg\" alt=\"\" width=\"400\" height=\"225\" \/><\/p>\n<p><img loading=\"lazy\" decoding=\"async\" class=\"size-full wp-image-269776 alignleft\" src=\"http:\/\/www.pcnen.com\/portal\/wp-content\/uploads\/2019\/07\/sinjajevina-protest.jpg\" alt=\"\" width=\"300\" height=\"220\" srcset=\"https:\/\/www.pcnen.com\/portal\/wp-content\/uploads\/2019\/07\/sinjajevina-protest.jpg 300w, https:\/\/www.pcnen.com\/portal\/wp-content\/uploads\/2019\/07\/sinjajevina-protest-235x172.jpg 235w, https:\/\/www.pcnen.com\/portal\/wp-content\/uploads\/2019\/07\/sinjajevina-protest-75x55.jpg 75w, https:\/\/www.pcnen.com\/portal\/wp-content\/uploads\/2019\/07\/sinjajevina-protest-220x161.jpg 220w, https:\/\/www.pcnen.com\/portal\/wp-content\/uploads\/2019\/07\/sinjajevina-protest-90x65.jpg 90w\" sizes=\"(max-width: 300px) 100vw, 300px\" \/><\/p>\n<p>&nbsp;<\/p>\n<p>Na mjestu predvi\u0111enom za &#8216;govornicu&#8217;, smje\u0161tenom ispred ku\u0107e-kolibe u izgradnji, bila istaknuta poruka: \u201eSa\u010duvajmo Sinjajevinu\u201c, napisana \u0107irili\u010dnim slovima. I plakat na kome rasni bik juri grupu naoru\u017enih vojnika, a na travnatom glavi\u010derku, kod stada ovaca, u pastirskoj pozi bdije ministar poljoprivrede Milutin Simovi\u0107.<\/p>\n<p>Umjesto gonga, koji koristi predsjedavaju\u0107i u parlamentu, ovdje je zvani\u010di dio skupa najavljen zvekom velikog \u010daktara, skinutog za ovu priliku sa pouzdanog ovna predvodnika. (Sinjajevina voli zvek \u010daktara, a ne vojne trube).<\/p>\n<p>Novinar Milan Sekulovi\u0107, \u010diji roditelji iz Bijelog Polja izdi\u017eu na Sinjajevinu, je najavljivao govornike, dodavao megafon, davao savjete kako treba koristiti tu spravu i informacije o <a href=\"https:\/\/epeticije.gov.me\/\">potpisivanju peticije za za\u0161titu Sinjajevine od urokljivih o\u010diju vlasti i njene militaristi\u010dke sekcije.<\/a><\/p>\n<p>\u010cast da prvi govori dobio je Vlado Boji\u0107 iz Lipova. U ruci je dr\u017eao podeblji sve\u017eanj listova, na kojima je ru\u010dno bio ispisan govor, ali ga skoro nije koristio. Iz glave je dijelio okupljenima podatke o jedinstvenosti i bogastvima Sinjajevine, o njenom endemi\u010dnom bilju i grijehu koji bi bio po\u010dinjen ako bi to bogatstvo i jedinstvenost rascijepala jeka artiljerijskih plotuna. Pozvao je na odbranu planine i pomenuo referendum u vezi sa tom odbranom.<\/p>\n<p>I slede\u0107i govornik je bio iz Lipova.<\/p>\n<p>Slobodan \u0160ukovi\u0107 je argumente za odbranu planine potegao i iz znanje koje je stekao kao rezervni oficir JNA. Vojni poligoni se ne grade na vodoizvori\u0161tima, opomenuo je on, podsje\u0107aju\u0107i na to da je Sinjajevina planina koja skuplja vodu i daruje je ne\u0161tedimice svima na njoj i okolo nje. Na kraju govora je odrecitovao pjesmu o Sinjajevini. Nije rekao da su stihovi njegovi, ali je tako izgledalo.<\/p>\n<p>Onda je na red do\u0161la \u0160titarica. Veljko Vukovi\u0107, koji je na Sinjajevini proveo 70 godina, ideju o vojnom poligonu nazvao je suludom.<\/p>\n<p>Vladislav Sekulovi\u0107 sa katuna Bunarine je Vladu savjetovao da ula\u017ee u poljoprivredu i trurizam, ako joj je stalo do Sinjajevine, naroda i dr\u017eave.<\/p>\n<p>Stanija Braunovi\u0107 iz \u0160titarice predstavljena je kao bera\u010dica ljekovitih trava. Rekla je da bi voljela da na planini sre\u0107e turiste, a ne vojnike, da Sinjajevina nastavi da miri\u0161e na ljekovita bilja, a ne na barut, da planina ostane zdrava i da njena \u010deljad budu zdrava.<\/p>\n<p>Na red je ponovo do\u0161la poezija i Vukovi\u0107i iz \u0160titarice. Brano je izrecitovao (ne \u010ditaju\u0107i) anga\u017eovane stihove o voljenoj planini i pozvao na njenu odbranu. Tra\u017eio je da se prisutni zakunu da je ne\u0107e dati vojsci da je skrnavi. I svi su se zakleli, i to tri puta, da \u0107e je braniti.<img loading=\"lazy\" decoding=\"async\" class=\"size-full wp-image-269818 aligncenter\" src=\"http:\/\/www.pcnen.com\/portal\/wp-content\/uploads\/2019\/07\/Savina-voda-protest3.jpg\" alt=\"\" width=\"350\" height=\"233\" \/><\/p>\n<p>Mileva Jovanovi\u0107, planinka iz Bjelopavli\u0107kog katuna, je kra\u0107i govor odr\u017eala iz sedla, sa le\u0111a lijepog zekana, koji je stajao mirno i radoznalo strigao u\u0161ima. Kazala je da joj je Sinjajevina pomogla da podigne \u010detvoro \u0111ece i da su sve fakultetski obrazovani ljudi. Planina hraniteljka, ako bude trebalo, zaslu\u017euje da se brani i \u017eivotom, poru\u010dila je Mileva.<\/p>\n<p>Oglasio se i predstavnik plemena Uskoka, predstavljen kao Jeli\u0107, pa je govorio jo\u0161 jedan Bjelopavli\u0107, pa Aleksandar Milatovi\u0107 iz <span class=\"st\">Gra\u0111anske inicijative &#8216;Sa\u010duvajmo Sinjajevinu, koji je podsjetio na studiju Agrokombinata 13.jula, u kojoj je istknut ogromni potencijal ove planine.<\/span><\/p>\n<p>I jedan Mora\u010danin je dobio priliku da poru\u010di ne\u0161to okupljnim ljudima, kojih je bilo dvije tri stotine najmanje. Mladi Vuk Vujisi\u0107, lider Studentske inicijative, je otkrio da je prvi put na ovoj planini i da je kona\u010dio na njoj. Mladala\u010dki odlu\u010dno, rekao je ljudima da ne treba da mole vlast da \u010duva planinu, nego da im narede to, jer vlast mora da slu\u0161a gra\u0111ane.<\/p>\n<p>Govori su podvu\u010deni guslanjem u ritmu osmerca, kojie je pratilo tradicionalno \u010dobansko pjevanje o planini, ljubavi i drugim demonima.<\/p>\n<p>Do bogate livadske trpeze, na kojoj je poslu\u017een \u010duveni lisnati i obi\u010dni sir, pe\u010denje bravlje i svinjsko, priganice slane i slatke, kukuruzna poga\u010da i pita, te pi\u0107e svakojako, moralo se i\u0107i preko brane, do mjesta gdje je pivo hla\u0111eno u potoku.<\/p>\n<p>Autora ovog teksta bogat i organski meni je inspirisao da ponovi svoj jo\u0161 u putu smi\u0161ljen recept &#8216;militarizacije&#8217; Sinjajevine. Crnogorska vlast treba da glave\u0161inama u NATO savezu ponudi projkat zdrave ishrane vojske, uz marketin\u010dku poruku: \u201eNATO je ja\u010di uz govedinu sa Sinjajevine\u201c.<\/p>\n<p>Nebo se naobla\u010dilo, ali se ki\u0161a uzdr\u017eala dok sve nije opo\u0161ljeno kako je planirano.<\/p>\n<p><em>D. Vukovi\u0107<\/em><br \/>\n<em>Fotografije: Vuk Vujisi\u0107 i FB Sa\u010duvajmo Sinjajevinu<\/em><\/p>\n","protected":false},"excerpt":{"rendered":"<p>Umjesto gonga, koji koristi predsjedavaju\u0107i u parlamentu, zvani\u010dni dio skupa na Savinoj vodi je najavljen planini primjerenijim zvukom.<\/p>\n","protected":false},"author":1,"featured_media":0,"comment_status":"open","ping_status":"closed","sticky":false,"template":"","format":"standard","meta":{"_seopress_robots_primary_cat":"","_seopress_titles_title":"","_seopress_titles_desc":"","_seopress_robots_index":"","_et_pb_use_builder":"","_et_pb_old_content":"","_et_gb_content_width":"","inline_featured_image":false,"footnotes":""},"categories":[546,14],"tags":[],"class_list":["post-269817","post","type-post","status-publish","format-standard","hentry","category-feature","category-vijesti"],"_links":{"self":[{"href":"https:\/\/www.pcnen.com\/portal\/wp-json\/wp\/v2\/posts\/269817","targetHints":{"allow":["GET"]}}],"collection":[{"href":"https:\/\/www.pcnen.com\/portal\/wp-json\/wp\/v2\/posts"}],"about":[{"href":"https:\/\/www.pcnen.com\/portal\/wp-json\/wp\/v2\/types\/post"}],"author":[{"embeddable":true,"href":"https:\/\/www.pcnen.com\/portal\/wp-json\/wp\/v2\/users\/1"}],"replies":[{"embeddable":true,"href":"https:\/\/www.pcnen.com\/portal\/wp-json\/wp\/v2\/comments?post=269817"}],"version-history":[{"count":0,"href":"https:\/\/www.pcnen.com\/portal\/wp-json\/wp\/v2\/posts\/269817\/revisions"}],"wp:attachment":[{"href":"https:\/\/www.pcnen.com\/portal\/wp-json\/wp\/v2\/media?parent=269817"}],"wp:term":[{"taxonomy":"category","embeddable":true,"href":"https:\/\/www.pcnen.com\/portal\/wp-json\/wp\/v2\/categories?post=269817"},{"taxonomy":"post_tag","embeddable":true,"href":"https:\/\/www.pcnen.com\/portal\/wp-json\/wp\/v2\/tags?post=269817"}],"curies":[{"name":"wp","href":"https:\/\/api.w.org\/{rel}","templated":true}]}}