{"id":269792,"date":"2019-07-13T08:44:47","date_gmt":"2019-07-13T06:44:47","guid":{"rendered":"http:\/\/www.pcnen.com\/portal\/?p=269792"},"modified":"2019-07-13T09:20:49","modified_gmt":"2019-07-13T07:20:49","slug":"dan-ustanka-i-drzavnosti","status":"publish","type":"post","link":"https:\/\/www.pcnen.com\/portal\/2019\/07\/13\/dan-ustanka-i-drzavnosti\/","title":{"rendered":"Dan ustanka i dr\u017eavnosti"},"content":{"rendered":"<p><img loading=\"lazy\" decoding=\"async\" class=\"size-full wp-image-269793 alignleft\" src=\"http:\/\/www.pcnen.com\/portal\/wp-content\/uploads\/2019\/07\/Trinaestojulski-ustanak.jpg\" alt=\"\" width=\"272\" height=\"169\" \/>Danas je Dan dr\u017eavnosti Crne Gore, a ujedno i dan kada je narod, pod rukovodstvom komunista, digao 1941. godine masovni ustanak protiv fa\u0161isti\u010dkih italijanskih okupatora.<\/p>\n<p>Ustani\u010dko oru\u017eje je progovorilo dan nakon \u0161to je na Cetinju formiranja kvislin\u0161ka vlada.<\/p>\n<p>Ustanak u Crnoj Gori bio je tada najmasvniji otpor u Evropi koju su okupirale nacisti\u010dk Njema\u010dka i fa\u0161isti\u010dka Italija.<\/p>\n<p>&nbsp;<\/p>\n","protected":false},"excerpt":{"rendered":"<p>Danas je Dan dr\u017eavnosti Crne Gore, a ujedno i dan kada je narod, pod rukovodstvom komunista, digao 1941. godine masovni ustanak protiv fa\u0161isti\u010dkih italijanskih okupatora. Ustani\u010dko oru\u017eje je progovorilo dan nakon \u0161to je na Cetinju formiranja kvislin\u0161ka vlada. Ustanak u Crnoj Gori bio je tada najmasvniji otpor u Evropi koju su okupirale nacisti\u010dk Njema\u010dka i [&hellip;]<\/p>\n","protected":false},"author":1,"featured_media":0,"comment_status":"open","ping_status":"closed","sticky":false,"template":"","format":"standard","meta":{"_seopress_robots_primary_cat":"","_seopress_titles_title":"","_seopress_titles_desc":"","_seopress_robots_index":"","_et_pb_use_builder":"","_et_pb_old_content":"","_et_gb_content_width":"","inline_featured_image":false,"footnotes":""},"categories":[14,12],"tags":[],"class_list":["post-269792","post","type-post","status-publish","format-standard","hentry","category-vijesti","category-prica-dana"],"_links":{"self":[{"href":"https:\/\/www.pcnen.com\/portal\/wp-json\/wp\/v2\/posts\/269792","targetHints":{"allow":["GET"]}}],"collection":[{"href":"https:\/\/www.pcnen.com\/portal\/wp-json\/wp\/v2\/posts"}],"about":[{"href":"https:\/\/www.pcnen.com\/portal\/wp-json\/wp\/v2\/types\/post"}],"author":[{"embeddable":true,"href":"https:\/\/www.pcnen.com\/portal\/wp-json\/wp\/v2\/users\/1"}],"replies":[{"embeddable":true,"href":"https:\/\/www.pcnen.com\/portal\/wp-json\/wp\/v2\/comments?post=269792"}],"version-history":[{"count":0,"href":"https:\/\/www.pcnen.com\/portal\/wp-json\/wp\/v2\/posts\/269792\/revisions"}],"wp:attachment":[{"href":"https:\/\/www.pcnen.com\/portal\/wp-json\/wp\/v2\/media?parent=269792"}],"wp:term":[{"taxonomy":"category","embeddable":true,"href":"https:\/\/www.pcnen.com\/portal\/wp-json\/wp\/v2\/categories?post=269792"},{"taxonomy":"post_tag","embeddable":true,"href":"https:\/\/www.pcnen.com\/portal\/wp-json\/wp\/v2\/tags?post=269792"}],"curies":[{"name":"wp","href":"https:\/\/api.w.org\/{rel}","templated":true}]}}