{"id":269779,"date":"2019-07-12T22:16:44","date_gmt":"2019-07-12T20:16:44","guid":{"rendered":"http:\/\/www.pcnen.com\/portal\/?p=269779"},"modified":"2019-07-12T22:16:44","modified_gmt":"2019-07-12T20:16:44","slug":"popodne-i-navece-mjestimicno-kisa","status":"publish","type":"post","link":"https:\/\/www.pcnen.com\/portal\/2019\/07\/12\/popodne-i-navece-mjestimicno-kisa\/","title":{"rendered":"Popodne i nave\u010de mjestimi\u010dno ki\u0161a"},"content":{"rendered":"<p><img loading=\"lazy\" decoding=\"async\" class=\"size-full wp-image-150703 alignleft\" src=\"http:\/\/www.pcnen.com\/portal\/wp-content\/uploads\/2014\/06\/trava_nebo-e1536001552194.jpg\" alt=\"\" width=\"300\" height=\"168\" \/>Subotnje prijepodne bi\u0107e prete\u017eno sun\u010dano, a popodne i nave\u010de promjenljivo obla\u010dno uz mjestimi\u010dno ki\u0161u ili pljusak pra\u0107en grmljavinom.<\/p>\n<p>Po kotlinama na sjeveru Crne Gore bi\u0107e magla ujutro.<br \/>\nVjetar ju\u017eni bi\u0107e povremeno umjeren.<\/p>\n<p>Jutarnja temperatura vazduha bi\u0107e u rasponu od 6 do 19, a najvi\u0161a dnevna od 19 do 30 stepeni.<\/p>\n<p>U Podgorici \u0107e biti prete\u017eno sun\u010dano, ali \u0107e popodne i tokom no\u0107i biti uslova za ki\u0161u ili kratkotrajan pljusak pra\u0107en grmljavinom. Vjetar promjenljivog smjera bi\u0107e slab do umjeren. Jutarnja temperatura vazduha bi\u0107e oko 18, a najvi\u0161a dnevna do 31 stepen.<\/p>\n<p><a href=\"http:\/\/www.meteo.co.me\/misc.php?text=121&amp;sektor=1&amp;grad=KOL\" target=\"_blank\" rel=\"noopener\">Prognoza za ostale gradove.<\/a><\/p>\n","protected":false},"excerpt":{"rendered":"<p>Najvi\u0161a dnevna temperagura bi\u0107e od 19 do 30 stepeni<\/p>\n","protected":false},"author":1,"featured_media":0,"comment_status":"open","ping_status":"closed","sticky":false,"template":"","format":"standard","meta":{"_seopress_robots_primary_cat":"","_seopress_titles_title":"","_seopress_titles_desc":"","_seopress_robots_index":"","_et_pb_use_builder":"","_et_pb_old_content":"","_et_gb_content_width":"","inline_featured_image":false,"footnotes":""},"categories":[14,12],"tags":[],"class_list":["post-269779","post","type-post","status-publish","format-standard","hentry","category-vijesti","category-prica-dana"],"_links":{"self":[{"href":"https:\/\/www.pcnen.com\/portal\/wp-json\/wp\/v2\/posts\/269779","targetHints":{"allow":["GET"]}}],"collection":[{"href":"https:\/\/www.pcnen.com\/portal\/wp-json\/wp\/v2\/posts"}],"about":[{"href":"https:\/\/www.pcnen.com\/portal\/wp-json\/wp\/v2\/types\/post"}],"author":[{"embeddable":true,"href":"https:\/\/www.pcnen.com\/portal\/wp-json\/wp\/v2\/users\/1"}],"replies":[{"embeddable":true,"href":"https:\/\/www.pcnen.com\/portal\/wp-json\/wp\/v2\/comments?post=269779"}],"version-history":[{"count":0,"href":"https:\/\/www.pcnen.com\/portal\/wp-json\/wp\/v2\/posts\/269779\/revisions"}],"wp:attachment":[{"href":"https:\/\/www.pcnen.com\/portal\/wp-json\/wp\/v2\/media?parent=269779"}],"wp:term":[{"taxonomy":"category","embeddable":true,"href":"https:\/\/www.pcnen.com\/portal\/wp-json\/wp\/v2\/categories?post=269779"},{"taxonomy":"post_tag","embeddable":true,"href":"https:\/\/www.pcnen.com\/portal\/wp-json\/wp\/v2\/tags?post=269779"}],"curies":[{"name":"wp","href":"https:\/\/api.w.org\/{rel}","templated":true}]}}