{"id":269767,"date":"2019-07-12T16:26:34","date_gmt":"2019-07-12T14:26:34","guid":{"rendered":"http:\/\/www.pcnen.com\/portal\/?p=269767"},"modified":"2019-07-12T16:26:34","modified_gmt":"2019-07-12T14:26:34","slug":"urucene-trinaestojulske-nagrade-4","status":"publish","type":"post","link":"https:\/\/www.pcnen.com\/portal\/2019\/07\/12\/urucene-trinaestojulske-nagrade-4\/","title":{"rendered":"Uru\u010dene Trinaestojulske nagrade"},"content":{"rendered":"<p>Predsjednik Skup\u0161tine Ivan Brajovi\u0107 je danas u Vili Gorica uru\u010dio Trinaestojulske nagrade istori\u010daru Draganu Perovi\u0107u, profesor Bo\u017eidaru \u0160ekularcu i knji\u017eevniku Pavlu Goranovi\u0107u.<\/p>\n<p>Perovi\u0107 je nagra\u0111en za autorski TV serijal &#8220;Crnogorci sentom po svijetu&#8221;, ciklus emisija &#8220;Istjeriva\u010d mitova&#8221; i knjigu &#8220;Stefan Perovi\u0107 Cuca &#8211; orepak bi\u0107a&#8221;, \u0160ekularac za knjigu &#8220;Crna Gora u doba Crnojevi\u0107a\u201c, a Goranovi\u0107 za knjigu &#8220;Poezija\u201c.<\/p>\n","protected":false},"excerpt":{"rendered":"<p>Predsjednik Skup\u0161tine Ivan Brajovi\u0107 je danas u Vili Gorica uru\u010dio Trinaestojulske nagrade istori\u010daru Draganu Perovi\u0107u, profesor Bo\u017eidaru \u0160ekularcu i knji\u017eevniku Pavlu Goranovi\u0107u. Perovi\u0107 je nagra\u0111en za autorski TV serijal &#8220;Crnogorci sentom po svijetu&#8221;, ciklus emisija &#8220;Istjeriva\u010d mitova&#8221; i knjigu &#8220;Stefan Perovi\u0107 Cuca &#8211; orepak bi\u0107a&#8221;, \u0160ekularac za knjigu &#8220;Crna Gora u doba Crnojevi\u0107a\u201c, a Goranovi\u0107 [&hellip;]<\/p>\n","protected":false},"author":1,"featured_media":0,"comment_status":"open","ping_status":"closed","sticky":false,"template":"","format":"standard","meta":{"_seopress_robots_primary_cat":"","_seopress_titles_title":"","_seopress_titles_desc":"","_seopress_robots_index":"","_et_pb_use_builder":"","_et_pb_old_content":"","_et_gb_content_width":"","inline_featured_image":false,"footnotes":""},"categories":[14],"tags":[],"class_list":["post-269767","post","type-post","status-publish","format-standard","hentry","category-vijesti"],"_links":{"self":[{"href":"https:\/\/www.pcnen.com\/portal\/wp-json\/wp\/v2\/posts\/269767","targetHints":{"allow":["GET"]}}],"collection":[{"href":"https:\/\/www.pcnen.com\/portal\/wp-json\/wp\/v2\/posts"}],"about":[{"href":"https:\/\/www.pcnen.com\/portal\/wp-json\/wp\/v2\/types\/post"}],"author":[{"embeddable":true,"href":"https:\/\/www.pcnen.com\/portal\/wp-json\/wp\/v2\/users\/1"}],"replies":[{"embeddable":true,"href":"https:\/\/www.pcnen.com\/portal\/wp-json\/wp\/v2\/comments?post=269767"}],"version-history":[{"count":0,"href":"https:\/\/www.pcnen.com\/portal\/wp-json\/wp\/v2\/posts\/269767\/revisions"}],"wp:attachment":[{"href":"https:\/\/www.pcnen.com\/portal\/wp-json\/wp\/v2\/media?parent=269767"}],"wp:term":[{"taxonomy":"category","embeddable":true,"href":"https:\/\/www.pcnen.com\/portal\/wp-json\/wp\/v2\/categories?post=269767"},{"taxonomy":"post_tag","embeddable":true,"href":"https:\/\/www.pcnen.com\/portal\/wp-json\/wp\/v2\/tags?post=269767"}],"curies":[{"name":"wp","href":"https:\/\/api.w.org\/{rel}","templated":true}]}}