{"id":269738,"date":"2019-07-12T07:00:18","date_gmt":"2019-07-12T05:00:18","guid":{"rendered":"http:\/\/www.pcnen.com\/portal\/?p=269738"},"modified":"2019-07-11T23:28:52","modified_gmt":"2019-07-11T21:28:52","slug":"beara-i-tovar-genocida","status":"publish","type":"post","link":"https:\/\/www.pcnen.com\/portal\/2019\/07\/12\/beara-i-tovar-genocida\/","title":{"rendered":"Beara i tovar genocida"},"content":{"rendered":"<p><strong><img loading=\"lazy\" decoding=\"async\" class=\"size-full wp-image-219842 alignleft\" src=\"http:\/\/www.pcnen.com\/portal\/wp-content\/uploads\/2017\/01\/srebrenica-e1553147867852.jpg\" alt=\"\" width=\"300\" height=\"220\" \/>Pi\u0161e: Ivica \u0110iki\u0107<\/strong><\/p>\n<p>Pred Odjeljenjem za ratne zlo\u010dine Vi\u0161eg suda u Beogradu jo\u0161 uvijek traje prvostupanjski proces protiv osmorice pripadnika Centra za obuku Specijalne brigade policije MUP-a Republike Srpske optu\u017eenih za sudjelovanje u pogubljenju izme\u0111u tisu\u0107u i sto i tisu\u0107u i tristo bo\u0161nja\u010dkih zarobljenika i civila u hangaru poljoprivredne zadruge u selu Kravici, desetak kilometara od Bratunca prema Zvorniku, u poslijepodnevnim satima 13. srpnja 1995. godine. To je bila prva masovna i organizirana likvidacija Bo\u0161njaka nakon pada Srebrenice u ruke Vojske Republike Srpske: u naredna tri-\u010detiri dana, na nekoliko lokacija u okolici Bratunca i Zvornika ubijeno je jo\u0161 oko sedam hiljada bo\u0161nja\u010dkih mu\u0161karaca i dje\u010daka. U Kravici su, pored pripadnika jahorinskog Centra za obuku Specijalne brigade policije, ubijali vojnici Drugog odreda Specijalne policije MUP-a Republike Srpske iz \u0160ekovi\u0107a, zatim nekolicina vojnika Interventnog voda 3. bataljuna Bratuna\u010dke brigade \u2013 \u2018Crvene beretke\u2019, nekolicina vojnih policajaca Bratuna\u010dke brigade i dio pripadnika 1. bataljuna Bratuna\u010dke brigade, te pripadnici lokalnih i regionalnih policijskih i paravojnih formacija. Ubijanje rafalima iz automatskih pu\u0161aka i bacanjem bombi me\u0111u natiskane zarobljenike intenzivno je trajalo najmanje dva sata. Sva osmorica optu\u017eenih \u2013 Nedeljko Milidragovi\u0107, Aleksa Golijanin, Milivoje Batinica, Dragomir Parovi\u0107, Aleksandar Da\u010devi\u0107, Boro Mileti\u0107, Jovan Petrovi\u0107 i Vidoslav Vasi\u0107 \u2013 negiraju krivnju za masovnu likvidaciju u Kravici i uglavnom se, sa slobode, brane \u0161utnjom.<\/p>\n<p>Tomislav Kova\u010d, ratni zamjenik ministra unutarnjih poslova Republike Srpske, nije doveden u poziciju da se brani od tu\u017eiteljskih optu\u017ebi, pa onda i ne \u0161uti: on je u ovom beogradskom procesu samo svjedok, premda je u Bosni i Hercegovini optu\u017een za u\u010de\u0161\u0107e u srebreni\u010dkom genocidu zbog \u010dega se sklonio u sigurno okrilje Srbije, a njegovo lipanjsko svjedo\u010denje pred sudom pokazuje smjer u kojem se ve\u0107 neko vrijeme kre\u0107e srpsko nacionalisti\u010dko tuma\u010denje, odnosno poricanje genocida u Srebrenici. Ukratko, jedini krivac za zlo\u010dine \u2013 \u010diji se razmjeri pritom umanjuju do bezo\u010dnosti \u2013 jest pukovnik Ljubi\u0161a Beara, tada\u0161nji na\u010delnik Uprave za sigurnost Glavnog \u0161taba Vojske Republike Srpske.<\/p>\n<p>\u2018Beara je bio okida\u010d za procese ubijanja zarobljenika. To je osoba koja je to trebala da sprije\u010di, i koja je to naredila\u2019, kazao je Kova\u010d. Istu tezu prethodno je iznosio u emisiji \u2018\u0106irilica\u2019 Milomira Mari\u0107a na srbijanskoj Televiziji Happy, \u010destom okupljali\u0161tu onih koji negiraju genocid i koji podr\u017eavaju Kova\u010devu fikciju, poput Vojislava \u0160e\u0161elja, zatim umirovljenog generala Vinka Pandurevi\u0107a, ratnog zapovjednika Zvorni\u010dke brigade VRS koji je u Haagu osu\u0111en na trinaest godina zatvora zbog srebreni\u010dkog genocida, pa sina Ratka Mladi\u0107a i Mladi\u0107evih odvjetnika\u2026 Mari\u0107 je na istu temu ugo\u0161\u0107ivao i poru\u010dnika Milorada Pelemi\u0161a, ratnog komandanta Desetog diverzantskog odreda VRS, \u010dija su osmorica pod\u010dinjenih sudjelovala u strijeljanju oko tisu\u0107u Bo\u0161njaka na vojnoj ekonomiji Branjevo kod Zvornika 16. srpnja 1995. godine. I za Pelemi\u0161om je u Bosni i Hercegovini izdana tjeralica zbog sudjelovanja u genocidu, ali srbijanske vlasti ignoriraju tu \u010dinjenicu. Ina\u010de, izuzev tri-\u010detiri nevladine organizacije, u Srbiji o Srebrenici govore samo radikalni \u0161ovinisti i oni koji su osobno zainteresirani za negiranje genocida i za umanjivanje razmjera zlo\u010dina, a u tu vrstu govora uklapaju se i stavovi najvi\u0161ih predstavnika aktualne vlasti u Beogradu.<\/p>\n<p>Beara je umro u zatvoru u Berlinu u velja\u010di 2017. godine. Dvije godine prije toga Ha\u0161ki sud pravomo\u0107no mu je presudio do\u017eivotnu robiju zbog aktivnog i vrlo istaknutog sudjelovanja u genocidu u Srebrenici. Uza nj, na do\u017eivotne robije zbog istog zlodjela pravomo\u0107no su u Haagu osu\u0111eni i general Zdravko Tolimir, desna ruka Ratka Mladi\u0107a za sigurnosne i obavje\u0161tajne poslove, odnosno Bearin direktno nadre\u0111eni, te potpukovnik Vujadin Popovi\u0107, na\u010delnik Odjela sigurnosti u Drinskom korpusu VRS. Na do\u017eivotnu kaznu zatvora osu\u0111eni su i Ratko Mladi\u0107 i Radovan Karad\u017ei\u0107, pri \u010demu je Mladi\u0107eva presuda jo\u0161 uvijek prvostupanjska: u njihovim slu\u010dajevima genocid u Srebrenici jedna je od to\u010daka najte\u017ee mogu\u0107e osude. Za\u0161to je Beara izabran za ulogu jedinog krivca? Za\u0161to utjecajni krugovi u Srbiji i Republici Srpskoj \u017eele prikazati genocid u Srebrenici poluprivatnim ispadom jednog jedinog \u010dovjeka, koji pritom nije bio na vrhu piramide zapovijedanja nego su iznad njega bile jo\u0161 dvije komandne razine? Zato \u0161to je Beara mrtav, pa ne mo\u017ee uzvratiti? To je usputni razlog, jer mrtav je i general Tolimir, ali na nj se svejedno ne svaljuje sva zlo\u010dina\u010dka odgovornost, a uostalom, \u0160e\u0161elj i Kova\u010d optu\u017eivali su Bearu i dok je bio me\u0111u \u017eivima. U me\u0111uvremenu, rekosmo, njihova teza se pro\u0161irila i na putu je da postane neka vrsta srpske dr\u017eavne istine o Srebrenici, to jest srpskog dr\u017eavnog poricanja ili maksimalnog zamagljivanja istine.<\/p>\n<p>Tovarenje cjelokupne krivice za Srebrenicu na du\u0161u mrtvog Beare slu\u017ei skidanju odgovornosti sa svih ostalih pojedinaca \u2013 od Ratka Mladi\u0107a do Milorada Pelemi\u0161a, od Tomislava Kova\u010da do Petra Salapure i Dragomira Pe\u0107anca \u2013 i slu\u017ei brisanju sistemskog karaktera genocida u Srebrenici: ako se odgovornost zaustavi na jednom poludjelom \u0161tapskom oficiru vi\u0161eg srednjeg ranga, nestat \u0107e uloga dr\u017eavnih ili paradr\u017eavnih mehanizama i struktura Republike Srpske i Republike Srbije u najstra\u0161nijem zlo\u010dinu u Europi nakon Drugog svjetskog rata. Vojislav \u0160e\u0161elj, osim toga, uzgaja netrpeljivost prema Beari jo\u0161 od 1992. godine, kad su na dubrova\u010dkom rati\u0161tu poginuli Milan \u0106uk i Zoran Doderovi\u0107, pripadnici dobrovolja\u010dkih odreda Srpske radikalne stranke.<\/p>\n<p>Nakon \u0161to su ukrali jedno vozilo, Beara je poslao vojnu policiju da uhapsi \u0106uka i Doderovi\u0107a: ta dvojica su zapucala, a vojni policajci su uzvratili i usmrtili ih. \u0160e\u0161elj to nikad nije zaboravio i poduzimao je napore da zagor\u010da \u017eivot pukovniku koji je \u010ditavo vrijeme rata i pora\u0107a bio do\u017eivljavan Jugoslavenom, premda je \u010dinio sve \u2013 \u010dak i nezamislivo \u2013 da se doka\u017ee nacionalistima, da bude prihva\u0107en me\u0111u \u010detnicima i da bude u Mladi\u0107evoj milosti. \u0160efovi beogradske kontraobavje\u0161tajne slu\u017ebe Bearu su, uostalom, i poslali u Glavni \u0161tab Vojske Republike Srpske da ga spase od \u0160e\u0161eljeve hajke i da mu pru\u017ee priliku da se iska\u017ee u pogledu srpstva.<\/p>\n<p>Mimo ikakve sumnje, Ljubi\u0161a Beara bio je u organizacijskom i operativnom pogledu klju\u010dni \u010dovjek smaknu\u0107a vi\u0161e od osam hiljada zarobljenih bo\u0161nja\u010dkih mu\u0161karaca i dje\u010daka iz Srebrenice u razdoblju od 13. do 16. srpnja 1995. godine. On je imao najkompletniji uvid u situaciju sa zarobljenim pripadnicima Armije BiH i golobradom mu\u0161kom populacijom, odre\u0111ivao je lokacije na kojima su dr\u017eani zato\u010denici i one na kojima su potom strijeljani, pronalazio je vojnike koji su ubijali, naru\u010divao autobuse, kamione i gra\u0111evinske strojeve, planirao skrivanje mrtvih tijela, lomio rijetke i slabe otpore i opstrukcije. Svi s kojima je Beara komunicirao tih dana, svi kojima je izdavao nare\u0111enja ili ne\u0161to zahtijevao od njih, svi su znali da pukovnik iz Uprave sigurnosti, kojeg ve\u0107ina lokalnih zapovjednika i vojnika nikad ranije nije vidjela, ne provodi li\u010dnu osvetni\u010dku operaciju nego da nastupa u ime generala Mladi\u0107a i dr\u017eave. Postoji ogromna koli\u010dina dokaza da je Beara bio vrlo predani izvr\u0161itelj zadatka, izvr\u0161itelj bez \u010dijeg anga\u017emana ne bi bilo genocida ili ga ne bi bilo u onakvim razmjerima, ali ipak \u2013 izvr\u0161itelj. Najuvjerljivije svjedo\u010danstvo o tome jest Bearin telefonski razgovor s generalom Radislavom Krsti\u0107em, zapovjednikom Drinskog korpusa VRS i kasnijim ha\u0161kim osu\u0111enikom. Razgovor je vo\u0111en u subotu, 15. srpnja 1995., oko deset ujutro: to je bio tre\u0107i dan intenzivnog ubijanja bo\u0161nja\u010dkih zarobljenika i civila i bilo je ponestalo vojnika spremnih da siju smrt, \u0161to je Bearu \u010dinilo nervoznim i polupani\u010dnim.<\/p>\n<p>\u2018Treba mi trideset ljudi, kao \u0161to je nare\u0111eno\u2019, ka\u017ee Beara Krsti\u0107u.<\/p>\n<p>\u2018Uzmi od Nasti\u0107a ili od Blagojevi\u0107a, ne mogu ti ja odavde ni\u0161ta izvu\u0107\u2019, uputio ga je Krsti\u0107 na zapovjednike Mili\u0107ke i Bratuna\u010dke brigade, odnosno da u tim jedinicama prona\u0111e ljude koji su mu potrebni za nastavak i zavr\u0161etak ubijanja.<\/p>\n<p>\u2018Al nemam ovdje, trebaju mi danas i vra\u0107am ih no\u0107as. Krle, shvati, ne mogu da ti obja\u0161njavam ovako.\u2019<\/p>\n<p>\u2018Ma, sve \u0107u poremetiti na njegovom pravcu ako to izvu\u010dem, a od njega mnogo zavisi.\u2019<\/p>\n<p>\u2018Ne mogu da rije\u0161im ni\u0161ta bez petnaest do trideset ljudi sa Bobanom In\u0111i\u0107em.\u2019 Boban In\u0111i\u0107 bio je drugi \u010dovjek Interventnog voda Vi\u0161egradske brigade, \u010dovjek ve\u0107 itekako dokazan u poslovima ubijanja.<\/p>\n<p>\u2018Ljubo, ovo nije za\u0161ti\u0107eno\u2019, podsjetio je Krsti\u0107 Bearu.<\/p>\n<p>\u2018Znam, znam.\u2019<\/p>\n<p>\u2018Vidje\u0107u \u0161ta mogu, a mnogo \u0107u poremetiti. Pogledaj dole kod Nasti\u0107a i Blagojevi\u0107a.\u2019<\/p>\n<p>\u2018Ma, nemam. Da imam, ne bi tra\u017eio ve\u0107 tre\u0107i dan.\u2019<\/p>\n<p>\u2018Vidi kod Blagojevi\u0107a, uzmi njegove \u2018Crvene beretke\u2019.\u2019<\/p>\n<p>\u2018Ma, nema, ostalo ih samo \u010detvorica. Oni su zdimili, jebi ih, nema ih vi\u0161e tamo.\u2019<\/p>\n<p>\u2018Vidje\u0107u \u0161ta mogu.\u2019<\/p>\n<p>\u2018Vidi i neka do\u0111u kod Draga\u2019, bio je ustrajan Beara. \u2018Neka do\u0111u kod Draga\u2019 \u2013 zna\u010dilo je da onih tridesetak ljudi pod zapovjedni\u0161tvom Bobana In\u0111i\u0107a trebaju do\u0107i kod potporu\u010dnika Drage Nikoli\u0107a, na\u010delnika sigurnosti u \u0160tabu Zvorni\u010dke brigade VRS. I Nikoli\u0107 je osu\u0111en u Haagu.<\/p>\n<p>Ne mogu ni\u0161ta garantovati\u2019, odgovorio je Krsti\u0107.<\/p>\n<p>\u2018Krle, ja ne znam vi\u0161e \u0161ta da radim\u2026\u2019<\/p>\n<p>\u2018Ljubo, uzmi onda one gore iz MUP-a.\u2019<\/p>\n<p>\u2018Ma, ne\u0107e oni ni\u0161ta da rade. Pri\u010dao sam, i nema drugog rje\u0161enja nego 15 do 30 sa In\u0111i\u0107em. Ono \u0161to je trebalo do\u0107i trinaestog, a nije.\u2019<\/p>\n<p>\u2018Ljubo, ti mene razumi, vi ste meni uradili sva\u0161ta, u pi\u010dku materinu.\u2019<\/p>\n<p>\u2018Razumijem, ali razumi i ti mene. Da je to tada ispo\u0161tovano, ne bi se sada prepirali.\u2019<\/p>\n<p>\u2018Jebi ga, sad \u0107u ja za to biti kriv.\u2019<\/p>\n<p>\u2018Ja ne znam \u0161ta da radim, Krle, najozbiljnije ti ka\u017eem. Ima jo\u0161 3500 paketa koje moram da razdijelim, a nemam rje\u0161enja.\u2019<\/p>\n<p>\u2018Jebi ga, vidi\u0107u \u0161ta mogu\u2019, zavr\u0161io je general Krsti\u0107.<\/p>\n<p>Panika i nervoza pukovnika Beare nije bila proizi\u0161la iz zastoja njegovog privatnog ubila\u010dkog hira: on je strahovao samo od Mladi\u0107eve i Tolimirove reakcije u slu\u010daju da ne realizira njihovu naredbu, u slu\u010daju da iznevjeri njihova genocidna o\u010dekivanja. Svako druk\u010dije tuma\u010denje Bearinih postupaka nije plod neznanja ili zablude nego pogubne samoobmane, svjesne umo\u010denosti u zlo i nakaradno shva\u0107ene odanosti vlastitoj naciji.<\/p>\n<p><strong>Osu\u0111eno 45 krivaca na 700 godina<\/strong><\/p>\n<p>Su\u0111enje za pogubljenje u Kravici tre\u0107i je postupak koje srbijansko pravosu\u0111e vodi kad je rije\u010d o Srebrenici, pri \u010demu se ni u jednom od tih postupaka optu\u017eenima nije sudilo za u\u010de\u0161\u0107e u genocidu. U prethodna dva procesa, osu\u0111ena su petorica ljudi: Branko Gojkovi\u0107, pripadnik pla\u0107eni\u010dkog Desetog diverzantskog odreda, priznao je krivnju za sudjelovanje u ubojstvu oko hiljadu Bo\u0161njaka na Branjevu kod Zvornika i osu\u0111en je na deset godina zatvora, a \u010detvorica pripadnika paravojne formacije \u2018\u0160korpioni\u2019 osu\u0111ena su na ukupno 53 godine robije. Dvojica iz \u2018\u0160korpiona\u2019 osu\u0111ena su u Hrvatskoj na po 16 godina zatvora. Prema podacima BIRN-a, za genocid, zlo\u010dine protiv \u010dovje\u010dnosti i druga krivi\u010dna djela povezana sa Srebrenicom dosad je osu\u0111eno 45 ljudi u Haagu, Bosni i Hercegovini, Srbiji i Hrvatskoj. Zbroj izre\u010denih zatvorskih kazni iznosi oko 700 godina.<\/p>\n<p><a href=\"https:\/\/www.portalnovosti.com\/beara-i-tovar-genocida\">Portal Novosti<\/a><\/p>\n","protected":false},"excerpt":{"rendered":"<p>Tovarenje cjelokupne krivice za Srebrenicu na du\u0161u mrtvog Ljubi\u0161e Beare slu\u017ei brisanju sistemskog karaktera genocida u Srebrenici: ako se odgovornost zaustavi na jednom poludjelom \u0161tapskom oficiru, nestat \u0107e uloga struktura Republike Srpske i Republike Srbije<\/p>\n","protected":false},"author":1,"featured_media":0,"comment_status":"open","ping_status":"closed","sticky":false,"template":"","format":"standard","meta":{"_seopress_robots_primary_cat":"","_seopress_titles_title":"","_seopress_titles_desc":"","_seopress_robots_index":"","_et_pb_use_builder":"","_et_pb_old_content":"","_et_gb_content_width":"","inline_featured_image":false,"footnotes":""},"categories":[5],"tags":[],"class_list":["post-269738","post","type-post","status-publish","format-standard","hentry","category-drugi-pisu"],"_links":{"self":[{"href":"https:\/\/www.pcnen.com\/portal\/wp-json\/wp\/v2\/posts\/269738","targetHints":{"allow":["GET"]}}],"collection":[{"href":"https:\/\/www.pcnen.com\/portal\/wp-json\/wp\/v2\/posts"}],"about":[{"href":"https:\/\/www.pcnen.com\/portal\/wp-json\/wp\/v2\/types\/post"}],"author":[{"embeddable":true,"href":"https:\/\/www.pcnen.com\/portal\/wp-json\/wp\/v2\/users\/1"}],"replies":[{"embeddable":true,"href":"https:\/\/www.pcnen.com\/portal\/wp-json\/wp\/v2\/comments?post=269738"}],"version-history":[{"count":0,"href":"https:\/\/www.pcnen.com\/portal\/wp-json\/wp\/v2\/posts\/269738\/revisions"}],"wp:attachment":[{"href":"https:\/\/www.pcnen.com\/portal\/wp-json\/wp\/v2\/media?parent=269738"}],"wp:term":[{"taxonomy":"category","embeddable":true,"href":"https:\/\/www.pcnen.com\/portal\/wp-json\/wp\/v2\/categories?post=269738"},{"taxonomy":"post_tag","embeddable":true,"href":"https:\/\/www.pcnen.com\/portal\/wp-json\/wp\/v2\/tags?post=269738"}],"curies":[{"name":"wp","href":"https:\/\/api.w.org\/{rel}","templated":true}]}}