{"id":269694,"date":"2019-07-11T12:37:43","date_gmt":"2019-07-11T10:37:43","guid":{"rendered":"http:\/\/www.pcnen.com\/portal\/?p=269694"},"modified":"2019-07-11T12:37:43","modified_gmt":"2019-07-11T10:37:43","slug":"unesco-zabrinut-zbog-izgradnje-autoputa-u-koritu-tare","status":"publish","type":"post","link":"https:\/\/www.pcnen.com\/portal\/2019\/07\/11\/unesco-zabrinut-zbog-izgradnje-autoputa-u-koritu-tare\/","title":{"rendered":"UNESCO zabrinut zbog izgradnje autoputa u koritu Tare"},"content":{"rendered":"<p><img loading=\"lazy\" decoding=\"async\" src=\"http:\/\/www.pcnen.com\/portal\/wp-content\/uploads\/2018\/10\/tara-devastacija.jpg\" alt=\"\" width=\"300\" height=\"169\" class=\"alignright size-full wp-image-255767\" \/>Predstavnici UNESCO-a na samitu koji je ju\u010de zavr\u0161en u Bakuu u dijelu izvje\u0161taja koji se odnosi na rijeku Taru, u \u010dijem koritu se izvode radovi na izgradnji autoputa, usvojili su na Komitetu za Svjetsku ba\u0161tinu, odluku u kojoj se izme\u0111u ostalog isti\u010de:<\/p>\n<p>&#8220;Uzimaju\u0107i u obzir ozbiljne uticaje na korito rijeke Tare od izgradnje novog autoputa koji se nalazi uzvodno od lokacije, izra\u017eavamo zabrinutost zbog mogu\u0107ih uticaja nizvodno odatle, te stoga zahtijevamo od dr\u017eave da pa\u017eljivo procijeni sve uticaje\u2026&#8221;.<\/p>\n<p>Isto je za Radio Slobodna Evropa (RSE) potvrdila i Milica Nikoli\u0107, generalna sekretarka Crnogorske nacionalne komisije za UNESCO.<\/p>\n<p>Pitanje RSE  da li to fakti\u010dki zna\u010di da je UNESCO potvrdio zebnje koje su stizale, prije svega iz NVO sektora, da radovi na autoputu mogu da ugroze Taru i uti\u010du na njenu ekosferu, Nikoli\u0107 je odgovorila da &#8220;oni izra\u017eavaju brigu i navode da je bilo uticaja&#8221;. <\/p>\n<p>&#8220;Sad, koji je obim uticaja, jesu li se i kakve promjene desile&#8230; to zavisi od analiza koje treba da sprovedemo i dostavimo njima na razmatranje&#8221;, kazala je Nikoli\u0107.<\/p>\n<p>U me\u0111uvremenu, UNESCO nije doveo u pitanje opstanak podru\u010dja Tare u programu MAB (\u010covjek i biosfera).<\/p>\n","protected":false},"excerpt":{"rendered":"<p>Predstavnici UNESCO-a na samitu koji je ju\u010de zavr\u0161en u Bakuu u dijelu izvje\u0161taja koji se odnosi na rijeku Taru, u \u010dijem koritu se izvode radovi na izgradnji autoputa, usvojili su na Komitetu za Svjetsku ba\u0161tinu, odluku u kojoj se izme\u0111u ostalog isti\u010de: &#8220;Uzimaju\u0107i u obzir ozbiljne uticaje na korito rijeke Tare od izgradnje novog autoputa [&hellip;]<\/p>\n","protected":false},"author":1,"featured_media":0,"comment_status":"open","ping_status":"closed","sticky":false,"template":"","format":"standard","meta":{"_seopress_robots_primary_cat":"","_seopress_titles_title":"","_seopress_titles_desc":"","_seopress_robots_index":"","_et_pb_use_builder":"","_et_pb_old_content":"","_et_gb_content_width":"","inline_featured_image":false,"footnotes":""},"categories":[14,12],"tags":[],"class_list":["post-269694","post","type-post","status-publish","format-standard","hentry","category-vijesti","category-prica-dana"],"_links":{"self":[{"href":"https:\/\/www.pcnen.com\/portal\/wp-json\/wp\/v2\/posts\/269694","targetHints":{"allow":["GET"]}}],"collection":[{"href":"https:\/\/www.pcnen.com\/portal\/wp-json\/wp\/v2\/posts"}],"about":[{"href":"https:\/\/www.pcnen.com\/portal\/wp-json\/wp\/v2\/types\/post"}],"author":[{"embeddable":true,"href":"https:\/\/www.pcnen.com\/portal\/wp-json\/wp\/v2\/users\/1"}],"replies":[{"embeddable":true,"href":"https:\/\/www.pcnen.com\/portal\/wp-json\/wp\/v2\/comments?post=269694"}],"version-history":[{"count":0,"href":"https:\/\/www.pcnen.com\/portal\/wp-json\/wp\/v2\/posts\/269694\/revisions"}],"wp:attachment":[{"href":"https:\/\/www.pcnen.com\/portal\/wp-json\/wp\/v2\/media?parent=269694"}],"wp:term":[{"taxonomy":"category","embeddable":true,"href":"https:\/\/www.pcnen.com\/portal\/wp-json\/wp\/v2\/categories?post=269694"},{"taxonomy":"post_tag","embeddable":true,"href":"https:\/\/www.pcnen.com\/portal\/wp-json\/wp\/v2\/tags?post=269694"}],"curies":[{"name":"wp","href":"https:\/\/api.w.org\/{rel}","templated":true}]}}