{"id":269688,"date":"2019-07-11T11:33:37","date_gmt":"2019-07-11T09:33:37","guid":{"rendered":"http:\/\/www.pcnen.com\/portal\/?p=269688"},"modified":"2019-07-11T13:39:40","modified_gmt":"2019-07-11T11:39:40","slug":"godisnjica-genocida-u-srebrenici","status":"publish","type":"post","link":"https:\/\/www.pcnen.com\/portal\/2019\/07\/11\/godisnjica-genocida-u-srebrenici\/","title":{"rendered":"Godi\u0161njica genocida u Srebrenici"},"content":{"rendered":"<p><img loading=\"lazy\" decoding=\"async\" src=\"http:\/\/www.pcnen.com\/portal\/wp-content\/uploads\/2015\/07\/bijela-ruza-srebrenice3.jpg\" alt=\"\" width=\"200\" height=\"148\" class=\"alignright size-full wp-image-184778\" \/>Danas se navr\u0161avaju 24 godine od ulaska snaga Vojske Republike Srpske (VRS) u Srebrenicu, muslimansku (bo\u0161nja\u010dku) enklavu u isto\u010dnoj Bosni i Hercegovini koja je formalno bila pod za\u0161titom UN i u kojoj je, potom, izvr\u0161en genocid nad stanovni\u0161tvom.<\/p>\n<p>Me\u0111unarodni sud pravde u Hagu donio je 2007. presudu kojom masakr u Srebrenici kvalifikuje kao \u010din genocida. Rezolucije o Srebrenici kojima se potvr\u0111uje ta presuda donijeli su parlamenti zemalja EU, Kanada, SAD i Australija. Odlukom Evropskog parlamenta iz januara 2009. godine, 11. jul je progla\u0161en Danom sje\u0107anja na genocid u Srebrenici.<\/p>\n<p>U znak sje\u0107anja na ubijene Bo\u0161njake, u Poto\u010darima kod Srebrenice izgra\u0111en je Memorijalni centar koji je zvani\u010dno otvorio biv\u0161i predsjednik SAD Bil Klinton 20. septembra 2003. godine.<\/p>\n<p>Na dana\u0161njoj komemoraciji u Poto\u010darima bi\u0107e organizovana d\u017eenaza za 33 \u017ertve genocida \u010diji \u0107e posmrtni ostaci biti pokopani pored 6.610 ve\u0107 ukopanih \u017ertava. <\/p>\n<p>Napad na Srebrenicu po\u010deo je 6. jula 1995. i zavr\u0161io se pet dana kasnije ulaskom VRS pod komandom generala Ratka Mladi\u0107a u grad. Mladi\u0107 je tada televiziji sa Pala izjavio da se nalazi u \u201esrpskoj Srebrenici\u201c, da grad \u201epredaje srpskom narodu\u201c i da je \u201edo\u0161lo vrijeme za osvetu Turcima\u201c na tom prostoru.<\/p>\n<p><a href=\"http:\/\/www.pcnen.com\/portal\/2019\/07\/11\/holandski-veterani-odlucili-da-tuze-drzavu-zbog-srebrenice\/\">Holandski bataljon UN<\/a> bio je stacioniran u enklavi u vrijeme napada srpskih snaga, ali su lako naoru\u017eani holandski vojnici, koji su bili pod vatrom i nisu imali podr\u0161ku iz vazduha, bili prinu\u0111eni da napuste enklavu i prepuste je snagama bosanskih Srba, podsje\u0107a Beta.<\/p>\n<p>Prema optu\u017enicama Ha\u0161kog tribunala, vojnici pod komandom generala Mladi\u0107a do 19. jula su organizovano i sistematski ubili oko 8.000 muslimanskih mu\u0161karaca i dje\u010daka. Oko 30.000 \u017eena i djece deportovano je za dva dana.<\/p>\n<p>Za genocid u Srebrenici su izme\u0111u ostalih optu\u017eene vo\u0111e bosanskih Srba, tada\u0161nji predsjednik Republike Srpske Radovan Karad\u017ei\u0107 i general Mladi\u0107. Obojica su ka\u017enjeni do\u017eivotnim zatvorom, Karad\u017ei\u0107 pravosna\u017enom presudom izre\u010denom u martu 2019. godine, a Mladi\u0107 prvostepenom iz novembra 2017. godine, na koju su i odbrana i tu\u017eila\u0161tvo ulo\u017eili \u017ealbe.<\/p>\n","protected":false},"excerpt":{"rendered":"<p>Danas se navr\u0161avaju 24 godine od ulaska snaga Vojske Republike Srpske (VRS) u Srebrenicu, muslimansku (bo\u0161nja\u010dku) enklavu u isto\u010dnoj Bosni i Hercegovini koja je formalno bila pod za\u0161titom UN i u kojoj je, potom, izvr\u0161en genocid nad stanovni\u0161tvom. Me\u0111unarodni sud pravde u Hagu donio je 2007. presudu kojom masakr u Srebrenici kvalifikuje kao \u010din genocida. [&hellip;]<\/p>\n","protected":false},"author":1,"featured_media":0,"comment_status":"open","ping_status":"closed","sticky":false,"template":"","format":"standard","meta":{"_seopress_robots_primary_cat":"","_seopress_titles_title":"","_seopress_titles_desc":"","_seopress_robots_index":"","_et_pb_use_builder":"","_et_pb_old_content":"","_et_gb_content_width":"","inline_featured_image":false,"footnotes":""},"categories":[14,12],"tags":[],"class_list":["post-269688","post","type-post","status-publish","format-standard","hentry","category-vijesti","category-prica-dana"],"_links":{"self":[{"href":"https:\/\/www.pcnen.com\/portal\/wp-json\/wp\/v2\/posts\/269688","targetHints":{"allow":["GET"]}}],"collection":[{"href":"https:\/\/www.pcnen.com\/portal\/wp-json\/wp\/v2\/posts"}],"about":[{"href":"https:\/\/www.pcnen.com\/portal\/wp-json\/wp\/v2\/types\/post"}],"author":[{"embeddable":true,"href":"https:\/\/www.pcnen.com\/portal\/wp-json\/wp\/v2\/users\/1"}],"replies":[{"embeddable":true,"href":"https:\/\/www.pcnen.com\/portal\/wp-json\/wp\/v2\/comments?post=269688"}],"version-history":[{"count":0,"href":"https:\/\/www.pcnen.com\/portal\/wp-json\/wp\/v2\/posts\/269688\/revisions"}],"wp:attachment":[{"href":"https:\/\/www.pcnen.com\/portal\/wp-json\/wp\/v2\/media?parent=269688"}],"wp:term":[{"taxonomy":"category","embeddable":true,"href":"https:\/\/www.pcnen.com\/portal\/wp-json\/wp\/v2\/categories?post=269688"},{"taxonomy":"post_tag","embeddable":true,"href":"https:\/\/www.pcnen.com\/portal\/wp-json\/wp\/v2\/tags?post=269688"}],"curies":[{"name":"wp","href":"https:\/\/api.w.org\/{rel}","templated":true}]}}