{"id":269686,"date":"2019-07-11T10:54:46","date_gmt":"2019-07-11T08:54:46","guid":{"rendered":"http:\/\/www.pcnen.com\/portal\/?p=269686"},"modified":"2019-07-19T10:38:52","modified_gmt":"2019-07-19T08:38:52","slug":"holandski-veterani-odlucili-da-tuze-drzavu-zbog-srebrenice","status":"publish","type":"post","link":"https:\/\/www.pcnen.com\/portal\/2019\/07\/11\/holandski-veterani-odlucili-da-tuze-drzavu-zbog-srebrenice\/","title":{"rendered":"Holandski veterani odlu\u010dili da tu\u017ee dr\u017eavu zbog Srebrenice"},"content":{"rendered":"<p>Grupa veterana iz holandskog bataljona UNPROFOR (Dut\u0107bat), koja je 1995. \u010dinila dio UN-ovih mirovnih snaga u zoni Srebrenice, ponovo pokre\u0107e tu\u017ebu protiv vlade Holandije, kojom tra\u017ee vra\u0107anje \u010dasti, izvinjenje i isplatu simboli\u010de od\u0161tete, prenio je holandski dnevni list AD.<\/p>\n<p>Advokat veterana Mihael Rupert je izjavio da su holandski vojnici bili poslati u \u201enemogu\u0107u misiju\u201c.<\/p>\n<p>\u201eDr\u017eava je poslala te vojnike u nemogucu misiju i onda ih napustila\u201c, rekao je Rupert.<\/p>\n<p>Rupret je ranije rekao da je vojnicima tokom tih doga\u0111aja u Srebrenice nanijeta velika \u0161teta, tjelesne, psiholo\u0161ke i finansijske, kao i njihovim dru\u0161tvenim \u017eivotima.<\/p>\n<p>Prije tri godine se oko 230 veterana okupilo u namjeri da pokrenu tu\u017ebu protiv Holandije, ali su odustali pro\u0161le godine kada je ministarka odbrane Ank Bajlefeld najavila istragu povodom problema sa kojima se holandski veterani iz Srebrenice jo\u0161 uvijek suo\u010davaju.<\/p>\n<p>Iako ministarka i dalje vodi razgovore sa radnom grupom biv\u0161ih mirovnjaka, izvjestan broj veterana ima utisak da se ipak ni\u0161ta konkretno ne preduzima, objasnio je advokat Rupert, prenosi Tanjug.<\/p>\n<p>U ovom trenutku oko dvadeset vojnika namjerava ponovo da pokrene tu\u017ebu protiv vlade Holandije, a njihov zastupnik o\u010dekuje da \u0107e se grupi pridru\u017eiti jo\u0161 oko stotinu veterana.<\/p>\n","protected":false},"excerpt":{"rendered":"<p>Grupa veterana iz holandskog bataljona UNPROFOR (Dut\u0107bat), koja je 1995. \u010dinila dio UN-ovih mirovnih snaga u zoni Srebrenice, ponovo pokre\u0107e tu\u017ebu protiv vlade Holandije, kojom tra\u017ee vra\u0107anje \u010dasti, izvinjenje i isplatu simboli\u010de od\u0161tete, prenio je holandski dnevni list AD. Advokat veterana Mihael Rupert je izjavio da su holandski vojnici bili poslati u \u201enemogu\u0107u misiju\u201c. \u201eDr\u017eava [&hellip;]<\/p>\n","protected":false},"author":1,"featured_media":0,"comment_status":"open","ping_status":"closed","sticky":false,"template":"","format":"standard","meta":{"_seopress_robots_primary_cat":"","_seopress_titles_title":"","_seopress_titles_desc":"","_seopress_robots_index":"","_et_pb_use_builder":"","_et_pb_old_content":"","_et_gb_content_width":"","inline_featured_image":false,"footnotes":""},"categories":[14],"tags":[],"class_list":["post-269686","post","type-post","status-publish","format-standard","hentry","category-vijesti"],"_links":{"self":[{"href":"https:\/\/www.pcnen.com\/portal\/wp-json\/wp\/v2\/posts\/269686","targetHints":{"allow":["GET"]}}],"collection":[{"href":"https:\/\/www.pcnen.com\/portal\/wp-json\/wp\/v2\/posts"}],"about":[{"href":"https:\/\/www.pcnen.com\/portal\/wp-json\/wp\/v2\/types\/post"}],"author":[{"embeddable":true,"href":"https:\/\/www.pcnen.com\/portal\/wp-json\/wp\/v2\/users\/1"}],"replies":[{"embeddable":true,"href":"https:\/\/www.pcnen.com\/portal\/wp-json\/wp\/v2\/comments?post=269686"}],"version-history":[{"count":0,"href":"https:\/\/www.pcnen.com\/portal\/wp-json\/wp\/v2\/posts\/269686\/revisions"}],"wp:attachment":[{"href":"https:\/\/www.pcnen.com\/portal\/wp-json\/wp\/v2\/media?parent=269686"}],"wp:term":[{"taxonomy":"category","embeddable":true,"href":"https:\/\/www.pcnen.com\/portal\/wp-json\/wp\/v2\/categories?post=269686"},{"taxonomy":"post_tag","embeddable":true,"href":"https:\/\/www.pcnen.com\/portal\/wp-json\/wp\/v2\/tags?post=269686"}],"curies":[{"name":"wp","href":"https:\/\/api.w.org\/{rel}","templated":true}]}}