{"id":269664,"date":"2019-07-10T20:27:27","date_gmt":"2019-07-10T18:27:27","guid":{"rendered":"http:\/\/www.pcnen.com\/portal\/?p=269664"},"modified":"2019-07-10T20:27:27","modified_gmt":"2019-07-10T18:27:27","slug":"suncano-uz-umjeren-do-jak-sjeverni-vjetar","status":"publish","type":"post","link":"https:\/\/www.pcnen.com\/portal\/2019\/07\/10\/suncano-uz-umjeren-do-jak-sjeverni-vjetar\/","title":{"rendered":"Sun\u010dano uz umjeren do jak sjeverni vjetar"},"content":{"rendered":"<p><img loading=\"lazy\" decoding=\"async\" class=\"size-full wp-image-232275 alignleft\" src=\"http:\/\/www.pcnen.com\/portal\/wp-content\/uploads\/2017\/08\/vjetrenjace-e1562783187711.jpg\" alt=\"\" width=\"300\" height=\"170\" \/>Prete\u017eno sun\u010dano bi\u0107e u \u010detvrtak u Crnoj Gori, uz umjeren razvoj obla\u010dnosti.<\/p>\n<p>Po kotlinama na sjeveru zemlje bi\u0107e ujutru mogu\u0107a magla ili pove\u0107ana niskla obla\u010dnost.<\/p>\n<p>Vjetar sjeveni bi\u0107e mjestimi\u010dno umjeren do jak, ali \u0107e slabiti tokom dana.<\/p>\n<p>Jutarnja temperatura vazduha bi\u0107e u rasponu od 5 do 19, a najvi\u0161a dnevna od 17 do 31 stepen.<\/p>\n<p>U Podgorici \u0107e biti prete\u017eno sun\u010dano, uz slab do umjeren razvoj obla\u010dnosti. Vjetar sjeveroisto\u010dni bi\u0107e umjeren do poja\u010dan, ali \u0107e slabiti tokom dana. Jutarnja temperatura vazduha bi\u0107e oko 17, a najvi\u0161a dnevna oko 30 stepeni.<\/p>\n<p><a href=\"http:\/\/www.meteo.co.me\/misc.php?text=121&amp;sektor=1&amp;grad=ZAB\">Prognoza za ostale gradove.<\/a><\/p>\n","protected":false},"excerpt":{"rendered":"<p>Najvi\u0161a dnevna temperatura od 17 do 31 stepen<\/p>\n","protected":false},"author":1,"featured_media":0,"comment_status":"open","ping_status":"closed","sticky":false,"template":"","format":"standard","meta":{"_seopress_robots_primary_cat":"","_seopress_titles_title":"","_seopress_titles_desc":"","_seopress_robots_index":"","_et_pb_use_builder":"","_et_pb_old_content":"","_et_gb_content_width":"","inline_featured_image":false,"footnotes":""},"categories":[14,12],"tags":[],"class_list":["post-269664","post","type-post","status-publish","format-standard","hentry","category-vijesti","category-prica-dana"],"_links":{"self":[{"href":"https:\/\/www.pcnen.com\/portal\/wp-json\/wp\/v2\/posts\/269664","targetHints":{"allow":["GET"]}}],"collection":[{"href":"https:\/\/www.pcnen.com\/portal\/wp-json\/wp\/v2\/posts"}],"about":[{"href":"https:\/\/www.pcnen.com\/portal\/wp-json\/wp\/v2\/types\/post"}],"author":[{"embeddable":true,"href":"https:\/\/www.pcnen.com\/portal\/wp-json\/wp\/v2\/users\/1"}],"replies":[{"embeddable":true,"href":"https:\/\/www.pcnen.com\/portal\/wp-json\/wp\/v2\/comments?post=269664"}],"version-history":[{"count":0,"href":"https:\/\/www.pcnen.com\/portal\/wp-json\/wp\/v2\/posts\/269664\/revisions"}],"wp:attachment":[{"href":"https:\/\/www.pcnen.com\/portal\/wp-json\/wp\/v2\/media?parent=269664"}],"wp:term":[{"taxonomy":"category","embeddable":true,"href":"https:\/\/www.pcnen.com\/portal\/wp-json\/wp\/v2\/categories?post=269664"},{"taxonomy":"post_tag","embeddable":true,"href":"https:\/\/www.pcnen.com\/portal\/wp-json\/wp\/v2\/tags?post=269664"}],"curies":[{"name":"wp","href":"https:\/\/api.w.org\/{rel}","templated":true}]}}