{"id":269661,"date":"2019-07-10T20:13:03","date_gmt":"2019-07-10T18:13:03","guid":{"rendered":"http:\/\/www.pcnen.com\/portal\/?p=269661"},"modified":"2019-07-10T20:15:55","modified_gmt":"2019-07-10T18:15:55","slug":"argument-ministarstva-odbrane-branitelji-sinjajevine-tumece-u-svoju-korist","status":"publish","type":"post","link":"https:\/\/www.pcnen.com\/portal\/2019\/07\/10\/argument-ministarstva-odbrane-branitelji-sinjajevine-tumece-u-svoju-korist\/","title":{"rendered":"Argument Ministarstva odbrane branitelji Sinjajevine tume\u010de u svoju korist"},"content":{"rendered":"<p><img loading=\"lazy\" decoding=\"async\" class=\" wp-image-265836 alignleft\" src=\"http:\/\/www.pcnen.com\/portal\/wp-content\/uploads\/2019\/05\/Sinjajevina.jpg\" alt=\"\" width=\"240\" height=\"180\" \/>Ministarstvo odbrane u Vladi Crne Gore se oglasilo danas saop\u0161tenjem u kome je objavijestilo javnost da je zatra\u017eilo i dobilo na upotrebu rezultate analiza kontaminacije koje je Ministarstvo odbrane Republike S. Makedonije uradilo za svoje potrebe povodom me\u0111unarodne vje\u017ebe \u201cOdlu\u010dni udar\u201d, koja se ju\u010de zavr\u0161ila na njihovom poligonu Krivolak.<\/p>\n<p>\u201cTamo su tokom vi\u0161e od mjesec dana izvedena bojeva ga\u0111anja u srazmjeri koju Vojska Crne Gore ne\u0107e izvesti ni tokom desetogodi\u0161njeg kori\u0161tenja prostora na Sinjajevini.<\/p>\n<p>Dvije odvojene analize utvrdile su da nema apsolutno nikakve kontaminacije prostora (voda, vazduh i zemlja) u periodu tokom izvo\u0111enja vje\u017ebe.<\/p>\n<p>Na taj na\u010din opovrgnute su sve sumnje da bi kori\u0161tenje prostora Sinjajevine moglo izazvati bilo kakve negativne ekolo\u0161ke posljedice.<\/p>\n<p>Razultati dvije pomenute studije bi\u0107e stavljene na uvid javnosti Crne Gore narednih dana\u201c, saop\u0161tilo je Ministastvo odbrane.<\/p>\n<p>Na ovo saop\u0161tenje je reagovala Gra\u0111anska inicijativa &#8216;Sa\u010duvajmo Sinjajevinu&#8217;, iz koje su poru\u010dili da su obradovani vije\u0161\u0107u da su analize Ministarstva odbrane Republike S. Makedonije pokazale da nema zaga\u0111enja na poligonu i pozvali Ministarstvo odbrane Crne Gore da potpi\u0161e ugovor sa S. Makedonijom o kori\u0161tenju Krivolaka za potrebe Vojske Crne Gore.<\/p>\n<p>\u201cVijest iz Ministarstva odbrane je jo\u0161 samo jedan dokaz da Crna Gora, uz podr\u0161ku i pomo\u0107 28 dr\u017eava saveznica iz NATO, kao i zemljama regiona koje imaju poligone, mo\u017ee izbje\u0107i uni\u0161tavanje dijela svoje teritorije na Sinjajevini i koristiti vojne poligone u regionu. Gra\u0111ani Crne Gore ve\u0107 izdvajaju milionska sredstva za sektor odbrane, pa dio njih mo\u017ee biti utro\u0161en i na zakup poligona za potrebe na\u0161e vojske\u201c, ka\u017ee se u reagovanju i najavljuje protest u petak 12.jula na Savinim vodama na Sinjajevini.<\/p>\n","protected":false},"excerpt":{"rendered":"<p>Sinjajevinu treba sa\u010duvati, a Vojska CG mo\u017ee vje\u017ebati i na poligonu Krivolak u S. Makedoniji, poru\u010duju iz  Gra\u0111anske inicijative &#8216;Sa\u010duvajmo Sinjajevinu&#8217;<\/p>\n","protected":false},"author":1,"featured_media":0,"comment_status":"open","ping_status":"closed","sticky":false,"template":"","format":"standard","meta":{"_seopress_robots_primary_cat":"","_seopress_titles_title":"","_seopress_titles_desc":"","_seopress_robots_index":"","_et_pb_use_builder":"","_et_pb_old_content":"","_et_gb_content_width":"","inline_featured_image":false,"footnotes":""},"categories":[14,12],"tags":[],"class_list":["post-269661","post","type-post","status-publish","format-standard","hentry","category-vijesti","category-prica-dana"],"_links":{"self":[{"href":"https:\/\/www.pcnen.com\/portal\/wp-json\/wp\/v2\/posts\/269661","targetHints":{"allow":["GET"]}}],"collection":[{"href":"https:\/\/www.pcnen.com\/portal\/wp-json\/wp\/v2\/posts"}],"about":[{"href":"https:\/\/www.pcnen.com\/portal\/wp-json\/wp\/v2\/types\/post"}],"author":[{"embeddable":true,"href":"https:\/\/www.pcnen.com\/portal\/wp-json\/wp\/v2\/users\/1"}],"replies":[{"embeddable":true,"href":"https:\/\/www.pcnen.com\/portal\/wp-json\/wp\/v2\/comments?post=269661"}],"version-history":[{"count":0,"href":"https:\/\/www.pcnen.com\/portal\/wp-json\/wp\/v2\/posts\/269661\/revisions"}],"wp:attachment":[{"href":"https:\/\/www.pcnen.com\/portal\/wp-json\/wp\/v2\/media?parent=269661"}],"wp:term":[{"taxonomy":"category","embeddable":true,"href":"https:\/\/www.pcnen.com\/portal\/wp-json\/wp\/v2\/categories?post=269661"},{"taxonomy":"post_tag","embeddable":true,"href":"https:\/\/www.pcnen.com\/portal\/wp-json\/wp\/v2\/tags?post=269661"}],"curies":[{"name":"wp","href":"https:\/\/api.w.org\/{rel}","templated":true}]}}