{"id":269614,"date":"2019-07-09T22:58:42","date_gmt":"2019-07-09T20:58:42","guid":{"rendered":"http:\/\/www.pcnen.com\/portal\/?p=269614"},"modified":"2019-07-09T22:58:42","modified_gmt":"2019-07-09T20:58:42","slug":"zeleno-svijetlo-za-autoput-izmedu-evrope-i-kine","status":"publish","type":"post","link":"https:\/\/www.pcnen.com\/portal\/2019\/07\/09\/zeleno-svijetlo-za-autoput-izmedu-evrope-i-kine\/","title":{"rendered":"&#8216;Zeleno svijetlo&#8217; za autoput izme\u0111u Evrope i Kine"},"content":{"rendered":"<p><img loading=\"lazy\" decoding=\"async\" class=\"size-full wp-image-269615 alignleft\" src=\"http:\/\/www.pcnen.com\/portal\/wp-content\/uploads\/2019\/07\/kina-evropa-autoput.jpg\" alt=\"\" width=\"300\" height=\"172\" \/>Po\u010detak izgradnje novog autoputa, dugog 2.000 kilometara, koji \u0107e preko Rusije povezivati Evropu sa Kinom, dobio je zvani\u010dno \u201czeleno svijetlo\u201c, prenosi Tanjug.<\/p>\n<p>Autoput \u201cMeridijan\u201c \u0107e i\u0107i na zapad sa granice Kine i Kazahstana i predstavlja\u0107e najkra\u0107i put za prevoz robe izme\u0111u Evrope i Kine.<\/p>\n<p>Ruski premijer Dmitrij Medvedev je odobrio prvu fazu projekta, koji \u0107e finansirati privatni investitori i dr\u017eava.<\/p>\n<p>Procjenjuje se da \u0107e u izgradnju autoputa biti ulo\u017eeno oko 9,4 milijarde dolara.<\/p>\n<p>Kineski predsjednik Si \u0110inping je 2013. godine pokrenuo inicijativu \u201cPojas i put\u201d, globalni infrastrukturni program izgradnje luka, puteva i \u017eeljeznica, kako bi se stvorili novi koridori za povezivanje Kine sa Azijom, Afrikom i Evropom.<\/p>\n","protected":false},"excerpt":{"rendered":"<p>Ruski premijer Dmitrij Medvedev je odobrio prvu fazu projekta, koji \u0107e finansirati privatni investitori i dr\u017eava<\/p>\n","protected":false},"author":1,"featured_media":0,"comment_status":"open","ping_status":"closed","sticky":false,"template":"","format":"standard","meta":{"_seopress_robots_primary_cat":"","_seopress_titles_title":"","_seopress_titles_desc":"","_seopress_robots_index":"","_et_pb_use_builder":"","_et_pb_old_content":"","_et_gb_content_width":"","inline_featured_image":false,"footnotes":""},"categories":[14,12],"tags":[],"class_list":["post-269614","post","type-post","status-publish","format-standard","hentry","category-vijesti","category-prica-dana"],"_links":{"self":[{"href":"https:\/\/www.pcnen.com\/portal\/wp-json\/wp\/v2\/posts\/269614","targetHints":{"allow":["GET"]}}],"collection":[{"href":"https:\/\/www.pcnen.com\/portal\/wp-json\/wp\/v2\/posts"}],"about":[{"href":"https:\/\/www.pcnen.com\/portal\/wp-json\/wp\/v2\/types\/post"}],"author":[{"embeddable":true,"href":"https:\/\/www.pcnen.com\/portal\/wp-json\/wp\/v2\/users\/1"}],"replies":[{"embeddable":true,"href":"https:\/\/www.pcnen.com\/portal\/wp-json\/wp\/v2\/comments?post=269614"}],"version-history":[{"count":0,"href":"https:\/\/www.pcnen.com\/portal\/wp-json\/wp\/v2\/posts\/269614\/revisions"}],"wp:attachment":[{"href":"https:\/\/www.pcnen.com\/portal\/wp-json\/wp\/v2\/media?parent=269614"}],"wp:term":[{"taxonomy":"category","embeddable":true,"href":"https:\/\/www.pcnen.com\/portal\/wp-json\/wp\/v2\/categories?post=269614"},{"taxonomy":"post_tag","embeddable":true,"href":"https:\/\/www.pcnen.com\/portal\/wp-json\/wp\/v2\/tags?post=269614"}],"curies":[{"name":"wp","href":"https:\/\/api.w.org\/{rel}","templated":true}]}}