{"id":269606,"date":"2019-07-09T21:47:01","date_gmt":"2019-07-09T19:47:01","guid":{"rendered":"http:\/\/www.pcnen.com\/portal\/?p=269606"},"modified":"2019-07-09T21:47:01","modified_gmt":"2019-07-09T19:47:01","slug":"promjenljivo-i-nestabilno-6","status":"publish","type":"post","link":"https:\/\/www.pcnen.com\/portal\/2019\/07\/09\/promjenljivo-i-nestabilno-6\/","title":{"rendered":"Promjenljivo i nestabilno"},"content":{"rendered":"<p><img loading=\"lazy\" decoding=\"async\" class=\"size-full wp-image-253654 alignleft\" src=\"http:\/\/www.pcnen.com\/portal\/wp-content\/uploads\/2018\/09\/nestabilno-vrijeme.jpg\" alt=\"\" width=\"300\" height=\"171\" \/>U srijedu \u0107e u Crnoj Gori biti promjenljivo i nestabilno; povremeno \u0107e biti ki\u0161e, pljuskova i grmljavine.<\/p>\n<p>Ponegdje se o\u010dekuju i kratkotrajne vremenske nepogode, a lokalno su mogu\u0107i i izra\u017eeniji pljuskovi.<\/p>\n<p>Vjetar promjenljivog smjera bi\u0107e uglavnom slab do umjeren, a u popodnevnim satima po\u010de\u0107e da poja\u010dano duva sa sjevera i sjeveroistoka.<\/p>\n<p>Jutarnja temperatura vazduha bi\u0107e u rasponu od a 13 do 24, najvi\u0161a dnevna \u00a0od 16 do 30 stepeni.<\/p>\n<p>U Podgorici \u0107e biti promjenljivo i nestabilno, uz povremenu ki\u0161u ili pljusak pra\u0107en grmljavinom. Promjenljiv vjetar \u0107e biti slab do umjeren, a krajem dana i tokom no\u0107i dova\u0107e umjeren do jak sjeveroisto\u010dnjak. Jutarnja temperatura vazduha bi\u0107e oko 23, a najvi\u0161a dnevna do 29 stepeni.<\/p>\n<p><a href=\"http:\/\/www.meteo.co.me\/misc.php?text=121&amp;sektor=1&amp;grad=BIJ\">Prognoza za ostale gradove.<\/a><\/p>\n","protected":false},"excerpt":{"rendered":"<p>Ponegdje se o\u010dekuju i kratkotrajne vremenske nepogode, a lokalno su mogu\u0107i i izra\u017eeniji pljuskovi<\/p>\n","protected":false},"author":1,"featured_media":0,"comment_status":"open","ping_status":"closed","sticky":false,"template":"","format":"standard","meta":{"_seopress_robots_primary_cat":"","_seopress_titles_title":"","_seopress_titles_desc":"","_seopress_robots_index":"","_et_pb_use_builder":"","_et_pb_old_content":"","_et_gb_content_width":"","inline_featured_image":false,"footnotes":""},"categories":[14,12],"tags":[],"class_list":["post-269606","post","type-post","status-publish","format-standard","hentry","category-vijesti","category-prica-dana"],"_links":{"self":[{"href":"https:\/\/www.pcnen.com\/portal\/wp-json\/wp\/v2\/posts\/269606","targetHints":{"allow":["GET"]}}],"collection":[{"href":"https:\/\/www.pcnen.com\/portal\/wp-json\/wp\/v2\/posts"}],"about":[{"href":"https:\/\/www.pcnen.com\/portal\/wp-json\/wp\/v2\/types\/post"}],"author":[{"embeddable":true,"href":"https:\/\/www.pcnen.com\/portal\/wp-json\/wp\/v2\/users\/1"}],"replies":[{"embeddable":true,"href":"https:\/\/www.pcnen.com\/portal\/wp-json\/wp\/v2\/comments?post=269606"}],"version-history":[{"count":0,"href":"https:\/\/www.pcnen.com\/portal\/wp-json\/wp\/v2\/posts\/269606\/revisions"}],"wp:attachment":[{"href":"https:\/\/www.pcnen.com\/portal\/wp-json\/wp\/v2\/media?parent=269606"}],"wp:term":[{"taxonomy":"category","embeddable":true,"href":"https:\/\/www.pcnen.com\/portal\/wp-json\/wp\/v2\/categories?post=269606"},{"taxonomy":"post_tag","embeddable":true,"href":"https:\/\/www.pcnen.com\/portal\/wp-json\/wp\/v2\/tags?post=269606"}],"curies":[{"name":"wp","href":"https:\/\/api.w.org\/{rel}","templated":true}]}}