{"id":269602,"date":"2019-07-09T20:10:31","date_gmt":"2019-07-09T18:10:31","guid":{"rendered":"http:\/\/www.pcnen.com\/portal\/?p=269602"},"modified":"2019-07-09T20:10:31","modified_gmt":"2019-07-09T18:10:31","slug":"epcg-priznala-odgovornost-za-ekoloski-zlocin-u-pljevljima","status":"publish","type":"post","link":"https:\/\/www.pcnen.com\/portal\/2019\/07\/09\/epcg-priznala-odgovornost-za-ekoloski-zlocin-u-pljevljima\/","title":{"rendered":"EPCG priznala odgovornost za ekolo\u0161ki zlo\u010din u Pljevljima"},"content":{"rendered":"<p><img loading=\"lazy\" decoding=\"async\" class=\" wp-image-57526\" src=\"http:\/\/www.pcnen.com\/portal\/wp-content\/uploads\/2011\/08\/Mrtve-ribe-e1542972156401.jpg\" alt=\"\" width=\"256\" height=\"229\" \/><\/p>\n<p>Elektroprivreda Crne Gore je priznala da je odgovorna za <a href=\"http:\/\/www.pcnen.com\/portal\/2019\/07\/05\/pomor-ribe-u-cehotini\/\">ekolo\u0161ki zlo\u010din<\/a> kojim su hemikalijama zatrovane rijeke Ve\u017ei\u0161nica i \u0106ehotina i usmr\u0107ene velike koli\u010dine riba i drugih rje\u010dnih organizama.<\/p>\n<p>Kako prenosi RTCG, iz EPCG je saop\u0161teno da je zaposleni u TE Pljevlja manipulisao ventilom koji kontroli\u0161e ispu\u0161tanje materija u rijeku Vezi\u0161nicu, a koja se uliva u \u0106ehotinu.<\/p>\n<p>Smjenski in\u017eenjer R.D. je, naveli su iz EPCG, priznao da je bez dozvole nadre\u0111enih i po\u0161tovanja definisane procedure, dao ovla\u0161\u0107enje za aktivnost rukovaocu na ventilu, \u010dime je do\u0161lo do ekoloskog incidenta.<\/p>\n<p>U <a href=\"https:\/\/www.epcg.com\/media-centar\/saopstenja-za-javnost\/saopstenje-za-javnost-8\">prvom reagovanju nakon incidenta<\/a>, iz EPCG je saop\u0161teno da \u201cnadle\u017eni u TE Pljevlja nisu vr\u0161ili nikakvu aktivnost na ventilima koji kontroli\u0161u ispu\u0161tanje materija u rijeku Vezi\u0161nicu a koja se uliva u \u0106ehotinu\u201c.<\/p>\n<p>Oni su tada konstatovali da je \u201csimptomati\u010dno&#8230; da se incident upravo de\u0161ava u periodu raspisivanja tendera za ekolo\u0161ku rekontrukciju termoelektrane \u010dime \u0107e biti isklju\u010dena bilo kakva mogu\u0107nost ovakvih i sli\u010dnih incidenata\u201c.<\/p>\n","protected":false},"excerpt":{"rendered":"<p>Elektroprivreda Crne Gore je priznala da je odgovorna za ekolo\u0161ki zlo\u010din kojim su hemikalijama zatrovane rijeke Ve\u017ei\u0161nica i \u0106ehotina i usmr\u0107ene velike koli\u010dine riba i drugih rje\u010dnih organizama. Kako prenosi RTCG, iz EPCG je saop\u0161teno da je zaposleni u TE Pljevlja manipulisao ventilom koji kontroli\u0161e ispu\u0161tanje materija u rijeku Vezi\u0161nicu, a koja se uliva u [&hellip;]<\/p>\n","protected":false},"author":1,"featured_media":0,"comment_status":"open","ping_status":"closed","sticky":false,"template":"","format":"standard","meta":{"_seopress_robots_primary_cat":"","_seopress_titles_title":"","_seopress_titles_desc":"","_seopress_robots_index":"","_et_pb_use_builder":"","_et_pb_old_content":"","_et_gb_content_width":"","inline_featured_image":false,"footnotes":""},"categories":[14,12],"tags":[],"class_list":["post-269602","post","type-post","status-publish","format-standard","hentry","category-vijesti","category-prica-dana"],"_links":{"self":[{"href":"https:\/\/www.pcnen.com\/portal\/wp-json\/wp\/v2\/posts\/269602","targetHints":{"allow":["GET"]}}],"collection":[{"href":"https:\/\/www.pcnen.com\/portal\/wp-json\/wp\/v2\/posts"}],"about":[{"href":"https:\/\/www.pcnen.com\/portal\/wp-json\/wp\/v2\/types\/post"}],"author":[{"embeddable":true,"href":"https:\/\/www.pcnen.com\/portal\/wp-json\/wp\/v2\/users\/1"}],"replies":[{"embeddable":true,"href":"https:\/\/www.pcnen.com\/portal\/wp-json\/wp\/v2\/comments?post=269602"}],"version-history":[{"count":0,"href":"https:\/\/www.pcnen.com\/portal\/wp-json\/wp\/v2\/posts\/269602\/revisions"}],"wp:attachment":[{"href":"https:\/\/www.pcnen.com\/portal\/wp-json\/wp\/v2\/media?parent=269602"}],"wp:term":[{"taxonomy":"category","embeddable":true,"href":"https:\/\/www.pcnen.com\/portal\/wp-json\/wp\/v2\/categories?post=269602"},{"taxonomy":"post_tag","embeddable":true,"href":"https:\/\/www.pcnen.com\/portal\/wp-json\/wp\/v2\/tags?post=269602"}],"curies":[{"name":"wp","href":"https:\/\/api.w.org\/{rel}","templated":true}]}}